{"id":18887,"date":"2007-08-03T12:39:44","date_gmt":"2007-08-03T12:39:44","guid":{"rendered":"https:\/\/obscom.intervozes.org.br\/wordpress\/?p=18887"},"modified":"2007-08-03T12:39:44","modified_gmt":"2007-08-03T12:39:44","slug":"tv-cultura-comeca-a-implementar-mudancas-na-programacao","status":"publish","type":"post","link":"https:\/\/obscom.intervozes.org.br\/?p=18887","title":{"rendered":"TV Cultura come\u00e7a a implementar mudan\u00e7as na programa\u00e7\u00e3o"},"content":{"rendered":"<div id=\"HOTWordsTxt\">A partir da pr&oacute;xima segunda-feira (6), a TV Cultura ganha uma nova roupagem. Durante toda a programa&ccedil;&atilde;o &#8211; adulta e infantil &#8211; o telespectador ir&aacute; se deparar com novas vozes e cores nos interprogramas da emissora, al&eacute;m do novo slogan &quot;Cultura: cada vez mais p&uacute;blica&quot;. H&aacute; novidade tamb&eacute;m no formato visual da TV Cultura, com menos elementos gr&aacute;ficos e mais conte&uacute;do, que ser&aacute; adotado a fim de privilegiar a informa&ccedil;&atilde;o. Esta mudan&ccedil;a sinaliza a introdu&ccedil;&atilde;o de modifica&ccedil;&otilde;es gerais na grade de programa&ccedil;&atilde;o da Cultura.<\/p>\n<p>Um novo conceito de faixas de programa&ccedil;&atilde;o ir&aacute; orientar a reformula&ccedil;&atilde;o da grade, com a introdu&ccedil;&atilde;o de faixas tem&aacute;ticas de segunda a sexta. O dia iniciar&aacute; com uma faixa de treinamento profissional, seguida por cidadania e servi&ccedil;os e sa&uacute;de. Continua com programa&ccedil;&atilde;o Ambiental e segue com o forte das faixas infantil e juvenil, na tarde. &Agrave; noite, ser&atilde;o introduzidas as faixas musical, de informa&ccedil;&atilde;o, debates e de reflex&atilde;o. <\/p>\n<p>A R&aacute;dio Cultura FM tamb&eacute;m ser&aacute; incorporada nas modifica&ccedil;&otilde;es. A partir desta segunda, a Cultura FM apresenta sua nova programa&ccedil;&atilde;o musical e novas vinhetas, animadas pelo premiado maestro Andr&eacute; Mehmari &#8211; autor do tema dos Jogos Pan-Americanos Rio 2007.<\/p>\n<p>A nova identidade visual da Cultura trar&aacute; detalhes sobre a atra&ccedil;&atilde;o que cada programa levar&aacute; ao ar. As tarjas de apresenta&ccedil;&atilde;o e as artes dos programas tamb&eacute;m ser&atilde;o redesenhadas, seguindo um &iacute;ndice crom&aacute;tico, onde cada &aacute;rea de conte&uacute;do (segmento) ser&aacute; identificada por uma cor espec&iacute;fica. Al&eacute;m disso, tr&ecirc;s locutores dar&atilde;o voz a toda programa&ccedil;&atilde;o.<\/p>\n<p>Segundo Jo&atilde;o Baptista da Costa Aguiar, coordenador do n&uacute;cleo de Identidade Visual da Funda&ccedil;&atilde;o Padre Anchieta, a id&eacute;ia &eacute; levar ao telespectador um &quot;ambiente clean&quot;, que privilegie sempre a informa&ccedil;&atilde;o. &quot;Redesenhamos toda a arte gr&aacute;fica da TV com rigor tipogr&aacute;fico, de forma que fique simples e atrativo. Queremos privilegiar o conte&uacute;do, em detrimento da embalagem&quot;, explica. <\/p>\n<p>Apenas dois pares de fontes ser&atilde;o utilizados em todo o conte&uacute;do gr&aacute;fico do canal, acompanhando o visual homog&ecirc;neo que deve determinar toda identidade visual do canal. Esse toque de rigor pode ser visto j&aacute; no cen&aacute;rio e na abertura do programa de debates Opini&atilde;o Nacional, que estreou nesta quinta-feira (2). <\/p><\/div>\n","protected":false},"excerpt":{"rendered":"<p>A partir da pr&oacute;xima segunda-feira (6), a TV Cultura ganha uma nova roupagem. Durante toda a programa&ccedil;&atilde;o &#8211; adulta e infantil &#8211; o telespectador ir&aacute; se deparar com novas vozes e cores nos interprogramas da emissora, al&eacute;m do novo slogan &quot;Cultura: cada vez mais p&uacute;blica&quot;. H&aacute; novidade tamb&eacute;m no formato visual da TV Cultura, com &hellip; <a href=\"https:\/\/obscom.intervozes.org.br\/?p=18887\" class=\"more-link\">Continue lendo <span class=\"screen-reader-text\">TV Cultura come\u00e7a a implementar mudan\u00e7as na programa\u00e7\u00e3o<\/span> <span class=\"meta-nav\">&rarr;<\/span><\/a><\/p>\n","protected":false},"author":1,"featured_media":0,"comment_status":"open","ping_status":"open","sticky":false,"template":"","format":"standard","meta":{"footnotes":""},"categories":[40],"tags":[359],"_links":{"self":[{"href":"https:\/\/obscom.intervozes.org.br\/index.php?rest_route=\/wp\/v2\/posts\/18887"}],"collection":[{"href":"https:\/\/obscom.intervozes.org.br\/index.php?rest_route=\/wp\/v2\/posts"}],"about":[{"href":"https:\/\/obscom.intervozes.org.br\/index.php?rest_route=\/wp\/v2\/types\/post"}],"author":[{"embeddable":true,"href":"https:\/\/obscom.intervozes.org.br\/index.php?rest_route=\/wp\/v2\/users\/1"}],"replies":[{"embeddable":true,"href":"https:\/\/obscom.intervozes.org.br\/index.php?rest_route=%2Fwp%2Fv2%2Fcomments&post=18887"}],"version-history":[{"count":0,"href":"https:\/\/obscom.intervozes.org.br\/index.php?rest_route=\/wp\/v2\/posts\/18887\/revisions"}],"wp:attachment":[{"href":"https:\/\/obscom.intervozes.org.br\/index.php?rest_route=%2Fwp%2Fv2%2Fmedia&parent=18887"}],"wp:term":[{"taxonomy":"category","embeddable":true,"href":"https:\/\/obscom.intervozes.org.br\/index.php?rest_route=%2Fwp%2Fv2%2Fcategories&post=18887"},{"taxonomy":"post_tag","embeddable":true,"href":"https:\/\/obscom.intervozes.org.br\/index.php?rest_route=%2Fwp%2Fv2%2Ftags&post=18887"}],"curies":[{"name":"wp","href":"https:\/\/api.w.org\/{rel}","templated":true}]}}