{"id":18886,"date":"2007-08-03T12:28:20","date_gmt":"2007-08-03T12:28:20","guid":{"rendered":"https:\/\/obscom.intervozes.org.br\/wordpress\/?p=18886"},"modified":"2007-08-03T12:28:20","modified_gmt":"2007-08-03T12:28:20","slug":"sem-acm-votacao-sobre-o-controle-da-web-e-adiada","status":"publish","type":"post","link":"https:\/\/obscom.intervozes.org.br\/?p=18886","title":{"rendered":"Sem ACM, vota\u00e7\u00e3o sobre o controle da web \u00e9 adiada"},"content":{"rendered":"<p>A vota&ccedil;&atilde;o do substitutivo do senador Eduardo Azeredo (PSDB-MG), que tipifica os crimes na Internet, deve ser adiada mais uma vez na Comiss&atilde;o de Constitui&ccedil;&atilde;o e Justi&ccedil;a (CCJ) do Senado. O motivo &eacute; que as primeiras reuni&otilde;es na volta do recesso parlamentar devem acontecer para eleger o novo presidente da comiss&atilde;o.&nbsp; <\/p>\n<p>Como o senador Antonio Carlos Magalh&atilde;es, que ocupava a presid&ecirc;ncia da CCJ, morreu sem exercer pelo menos a metade de seu posto, o vice-presidente, senador Valter Pereira (PMDB-MS), n&atilde;o pode assumir a fun&ccedil;&atilde;o. ACM estava na presid&ecirc;ncia desde o come&ccedil;o de 2007 e o mandato dura dois anos. O regimento diz que neste caso os membros da comiss&atilde;o s&atilde;o obrigados a fazer uma nova vota&ccedil;&atilde;o para definir o substituto do ex-senador baiano. Por defini&ccedil;&atilde;o, no entanto, a presid&ecirc;ncia continua com os Democratas. <\/p>\n","protected":false},"excerpt":{"rendered":"<p>A vota&ccedil;&atilde;o do substitutivo do senador Eduardo Azeredo (PSDB-MG), que tipifica os crimes na Internet, deve ser adiada mais uma vez na Comiss&atilde;o de Constitui&ccedil;&atilde;o e Justi&ccedil;a (CCJ) do Senado. O motivo &eacute; que as primeiras reuni&otilde;es na volta do recesso parlamentar devem acontecer para eleger o novo presidente da comiss&atilde;o.&nbsp; Como o senador Antonio &hellip; <a href=\"https:\/\/obscom.intervozes.org.br\/?p=18886\" class=\"more-link\">Continue lendo <span class=\"screen-reader-text\">Sem ACM, vota\u00e7\u00e3o sobre o controle da web \u00e9 adiada<\/span> <span class=\"meta-nav\">&rarr;<\/span><\/a><\/p>\n","protected":false},"author":1,"featured_media":0,"comment_status":"open","ping_status":"open","sticky":false,"template":"","format":"standard","meta":{"footnotes":""},"categories":[40],"tags":[150],"_links":{"self":[{"href":"https:\/\/obscom.intervozes.org.br\/index.php?rest_route=\/wp\/v2\/posts\/18886"}],"collection":[{"href":"https:\/\/obscom.intervozes.org.br\/index.php?rest_route=\/wp\/v2\/posts"}],"about":[{"href":"https:\/\/obscom.intervozes.org.br\/index.php?rest_route=\/wp\/v2\/types\/post"}],"author":[{"embeddable":true,"href":"https:\/\/obscom.intervozes.org.br\/index.php?rest_route=\/wp\/v2\/users\/1"}],"replies":[{"embeddable":true,"href":"https:\/\/obscom.intervozes.org.br\/index.php?rest_route=%2Fwp%2Fv2%2Fcomments&post=18886"}],"version-history":[{"count":0,"href":"https:\/\/obscom.intervozes.org.br\/index.php?rest_route=\/wp\/v2\/posts\/18886\/revisions"}],"wp:attachment":[{"href":"https:\/\/obscom.intervozes.org.br\/index.php?rest_route=%2Fwp%2Fv2%2Fmedia&parent=18886"}],"wp:term":[{"taxonomy":"category","embeddable":true,"href":"https:\/\/obscom.intervozes.org.br\/index.php?rest_route=%2Fwp%2Fv2%2Fcategories&post=18886"},{"taxonomy":"post_tag","embeddable":true,"href":"https:\/\/obscom.intervozes.org.br\/index.php?rest_route=%2Fwp%2Fv2%2Ftags&post=18886"}],"curies":[{"name":"wp","href":"https:\/\/api.w.org\/{rel}","templated":true}]}}