{"id":18883,"date":"2007-08-02T19:46:00","date_gmt":"2007-08-02T19:46:00","guid":{"rendered":"https:\/\/obscom.intervozes.org.br\/wordpress\/?p=18883"},"modified":"2007-08-02T19:46:00","modified_gmt":"2007-08-02T19:46:00","slug":"emissoras-de-sp-se-reunem-para-dar-continuidade-ao-processo-de-legalizacao","status":"publish","type":"post","link":"https:\/\/obscom.intervozes.org.br\/?p=18883","title":{"rendered":"Emissoras de SP se re\u00fanem para dar continuidade ao processo de legaliza\u00e7\u00e3o"},"content":{"rendered":"<p>Acontece, na pr&oacute;xima segunda-feira, 6 de agosto, das 10h &agrave;s 13h, a 12&ordf; Mesa de Trabalho em Defesa das R&aacute;dios Comunit&aacute;rias e da Democracia na Comunica&ccedil;&atilde;o. O encontro acontecer&aacute; na C&acirc;mara Municipal de S&atilde;o Paulo, Audit&oacute;rio Oscar Pedroso Horta. <\/p>\n<p>Para participar do evento foram convidados representantes do Minist&eacute;rio das Comunica&ccedil;&otilde;es, do CPqD &#8211; Centro de Pesquisa e Desenvolvimento em Telecomunica&ccedil;&otilde;es, e da Prefeitura do Munic&iacute;pio de S&atilde;o Paulo.<\/p>\n<p>A 11&ordf; Mesa foi realizada no dia 25 de junho e reuniu cerca de 70 pessoas,&nbsp; e dentre os diversos depoimentos, destacou-se o do representante do CPqD, Marcus Manh&atilde;es, que apontou para a necessidade de altera&ccedil;&atilde;o da Norma Complementar que define apenas um canal por munic&iacute;pio para o&nbsp; funcionamento das r&aacute;dios comunit&aacute;rias.<\/p>\n<p>&nbsp;<\/p>\n<p>&nbsp;<\/p>\n","protected":false},"excerpt":{"rendered":"<p>Acontece, na pr&oacute;xima segunda-feira, 6 de agosto, das 10h &agrave;s 13h, a 12&ordf; Mesa de Trabalho em Defesa das R&aacute;dios Comunit&aacute;rias e da Democracia na Comunica&ccedil;&atilde;o. O encontro acontecer&aacute; na C&acirc;mara Municipal de S&atilde;o Paulo, Audit&oacute;rio Oscar Pedroso Horta. Para participar do evento foram convidados representantes do Minist&eacute;rio das Comunica&ccedil;&otilde;es, do CPqD &#8211; Centro de &hellip; <a href=\"https:\/\/obscom.intervozes.org.br\/?p=18883\" class=\"more-link\">Continue lendo <span class=\"screen-reader-text\">Emissoras de SP se re\u00fanem para dar continuidade ao processo de legaliza\u00e7\u00e3o<\/span> <span class=\"meta-nav\">&rarr;<\/span><\/a><\/p>\n","protected":false},"author":1,"featured_media":0,"comment_status":"open","ping_status":"open","sticky":false,"template":"","format":"standard","meta":{"footnotes":""},"categories":[40],"tags":[155],"_links":{"self":[{"href":"https:\/\/obscom.intervozes.org.br\/index.php?rest_route=\/wp\/v2\/posts\/18883"}],"collection":[{"href":"https:\/\/obscom.intervozes.org.br\/index.php?rest_route=\/wp\/v2\/posts"}],"about":[{"href":"https:\/\/obscom.intervozes.org.br\/index.php?rest_route=\/wp\/v2\/types\/post"}],"author":[{"embeddable":true,"href":"https:\/\/obscom.intervozes.org.br\/index.php?rest_route=\/wp\/v2\/users\/1"}],"replies":[{"embeddable":true,"href":"https:\/\/obscom.intervozes.org.br\/index.php?rest_route=%2Fwp%2Fv2%2Fcomments&post=18883"}],"version-history":[{"count":0,"href":"https:\/\/obscom.intervozes.org.br\/index.php?rest_route=\/wp\/v2\/posts\/18883\/revisions"}],"wp:attachment":[{"href":"https:\/\/obscom.intervozes.org.br\/index.php?rest_route=%2Fwp%2Fv2%2Fmedia&parent=18883"}],"wp:term":[{"taxonomy":"category","embeddable":true,"href":"https:\/\/obscom.intervozes.org.br\/index.php?rest_route=%2Fwp%2Fv2%2Fcategories&post=18883"},{"taxonomy":"post_tag","embeddable":true,"href":"https:\/\/obscom.intervozes.org.br\/index.php?rest_route=%2Fwp%2Fv2%2Ftags&post=18883"}],"curies":[{"name":"wp","href":"https:\/\/api.w.org\/{rel}","templated":true}]}}