{"id":18882,"date":"2007-08-02T19:19:20","date_gmt":"2007-08-02T19:19:20","guid":{"rendered":"https:\/\/obscom.intervozes.org.br\/wordpress\/?p=18882"},"modified":"2007-08-02T19:19:20","modified_gmt":"2007-08-02T19:19:20","slug":"helio-costa-brasilia-rio-e-belo-horizonte-terao-tv-digital-em-janeiro","status":"publish","type":"post","link":"https:\/\/obscom.intervozes.org.br\/?p=18882","title":{"rendered":"H\u00e9lio Costa: Bras\u00edlia, Rio e Belo Horizonte ter\u00e3o TV digital em janeiro"},"content":{"rendered":"<p><span>De acordo com H&eacute;lio Costa, as emissoras de Bras&iacute;lia, Belo Horizonte e Rio j&aacute; podem iniciar os testes de transmiss&atilde;o do sinal digital. &quot;Se a emissora quiser agora fazer testes nessas capitais, j&aacute; tem autoriza&ccedil;&atilde;o do Minist&eacute;rio das Comunica&ccedil;&otilde;es. &Eacute; s&oacute; fazer o encaminhamento oficial. Mas em janeiro ser&aacute; obrigat&oacute;rio&quot;, disse. <\/p>\n<p><span>&quot;A partir de janeiro, estamos tamb&eacute;m com a obrigatoriedade de entrar em Bras&iacute;lia, Belo Horizonte e Rio de Janeiro. Em julho do ano que vem, chegamos &agrave;s demais capitais. A partir de dezembro de 2008, chegamos nas cidades-p&oacute;lo no Brasil inteiro e em 2009, evidentemente, no resto do Brasil&quot;, afirmou o ministro em entrevista &agrave; Ag&ecirc;ncia Brasil.<\/span><\/span><\/p>\n","protected":false},"excerpt":{"rendered":"<p>De acordo com H&eacute;lio Costa, as emissoras de Bras&iacute;lia, Belo Horizonte e Rio j&aacute; podem iniciar os testes de transmiss&atilde;o do sinal digital. &quot;Se a emissora quiser agora fazer testes nessas capitais, j&aacute; tem autoriza&ccedil;&atilde;o do Minist&eacute;rio das Comunica&ccedil;&otilde;es. &Eacute; s&oacute; fazer o encaminhamento oficial. Mas em janeiro ser&aacute; obrigat&oacute;rio&quot;, disse. &quot;A partir de janeiro, &hellip; <a href=\"https:\/\/obscom.intervozes.org.br\/?p=18882\" class=\"more-link\">Continue lendo <span class=\"screen-reader-text\">H\u00e9lio Costa: Bras\u00edlia, Rio e Belo Horizonte ter\u00e3o TV digital em janeiro<\/span> <span class=\"meta-nav\">&rarr;<\/span><\/a><\/p>\n","protected":false},"author":1,"featured_media":0,"comment_status":"open","ping_status":"open","sticky":false,"template":"","format":"standard","meta":{"footnotes":""},"categories":[39],"tags":[],"_links":{"self":[{"href":"https:\/\/obscom.intervozes.org.br\/index.php?rest_route=\/wp\/v2\/posts\/18882"}],"collection":[{"href":"https:\/\/obscom.intervozes.org.br\/index.php?rest_route=\/wp\/v2\/posts"}],"about":[{"href":"https:\/\/obscom.intervozes.org.br\/index.php?rest_route=\/wp\/v2\/types\/post"}],"author":[{"embeddable":true,"href":"https:\/\/obscom.intervozes.org.br\/index.php?rest_route=\/wp\/v2\/users\/1"}],"replies":[{"embeddable":true,"href":"https:\/\/obscom.intervozes.org.br\/index.php?rest_route=%2Fwp%2Fv2%2Fcomments&post=18882"}],"version-history":[{"count":0,"href":"https:\/\/obscom.intervozes.org.br\/index.php?rest_route=\/wp\/v2\/posts\/18882\/revisions"}],"wp:attachment":[{"href":"https:\/\/obscom.intervozes.org.br\/index.php?rest_route=%2Fwp%2Fv2%2Fmedia&parent=18882"}],"wp:term":[{"taxonomy":"category","embeddable":true,"href":"https:\/\/obscom.intervozes.org.br\/index.php?rest_route=%2Fwp%2Fv2%2Fcategories&post=18882"},{"taxonomy":"post_tag","embeddable":true,"href":"https:\/\/obscom.intervozes.org.br\/index.php?rest_route=%2Fwp%2Fv2%2Ftags&post=18882"}],"curies":[{"name":"wp","href":"https:\/\/api.w.org\/{rel}","templated":true}]}}