{"id":18879,"date":"2007-08-02T15:06:50","date_gmt":"2007-08-02T15:06:50","guid":{"rendered":"https:\/\/obscom.intervozes.org.br\/wordpress\/?p=18879"},"modified":"2016-06-01T17:52:03","modified_gmt":"2016-06-01T17:52:03","slug":"telemar-cobra-em-dobro-e-se-recusa-a-corrigir-erro","status":"publish","type":"post","link":"https:\/\/obscom.intervozes.org.br\/?p=18879","title":{"rendered":"Telemar cobra em dobro e se recusa a corrigir erro"},"content":{"rendered":"<p>O empres\u00e1rio Marcelo Eduardo Pesek, do Rio de Janeiro, \u00e9 cliente do plano f\u00e1cil 21 da Embratel com 210 minutos de ligac\u00e7\u00f5es DDI. Ele denuncia que h\u00e1 4 meses Embratel cobra da Telemar os valores destas liga\u00e7\u00f5es e as mesmas s\u00e3o cobradas com duplicidade na fatura da Telemar. Durante estes meses, Marcelo teve que entrar em contato com a Telemar para que fosse descontado o valor indevido lan\u00e7ado em sua conta pela Embratel. Segundo o empres\u00e1rio, a Telemar se recusa, indevidamente, a partir de agora, a retirar os valores da sua conta.<\/p>\n","protected":false},"excerpt":{"rendered":"<p>Empres\u00e1rio do Rio de Janeiro denuncia que Telemar e Embratel n\u00e3o se entendem na sua conta de telefone.<\/p>\n","protected":false},"author":1,"featured_media":0,"comment_status":"open","ping_status":"open","sticky":false,"template":"","format":"standard","meta":{"footnotes":""},"categories":[40],"tags":[356],"_links":{"self":[{"href":"https:\/\/obscom.intervozes.org.br\/index.php?rest_route=\/wp\/v2\/posts\/18879"}],"collection":[{"href":"https:\/\/obscom.intervozes.org.br\/index.php?rest_route=\/wp\/v2\/posts"}],"about":[{"href":"https:\/\/obscom.intervozes.org.br\/index.php?rest_route=\/wp\/v2\/types\/post"}],"author":[{"embeddable":true,"href":"https:\/\/obscom.intervozes.org.br\/index.php?rest_route=\/wp\/v2\/users\/1"}],"replies":[{"embeddable":true,"href":"https:\/\/obscom.intervozes.org.br\/index.php?rest_route=%2Fwp%2Fv2%2Fcomments&post=18879"}],"version-history":[{"count":1,"href":"https:\/\/obscom.intervozes.org.br\/index.php?rest_route=\/wp\/v2\/posts\/18879\/revisions"}],"predecessor-version":[{"id":29422,"href":"https:\/\/obscom.intervozes.org.br\/index.php?rest_route=\/wp\/v2\/posts\/18879\/revisions\/29422"}],"wp:attachment":[{"href":"https:\/\/obscom.intervozes.org.br\/index.php?rest_route=%2Fwp%2Fv2%2Fmedia&parent=18879"}],"wp:term":[{"taxonomy":"category","embeddable":true,"href":"https:\/\/obscom.intervozes.org.br\/index.php?rest_route=%2Fwp%2Fv2%2Fcategories&post=18879"},{"taxonomy":"post_tag","embeddable":true,"href":"https:\/\/obscom.intervozes.org.br\/index.php?rest_route=%2Fwp%2Fv2%2Ftags&post=18879"}],"curies":[{"name":"wp","href":"https:\/\/api.w.org\/{rel}","templated":true}]}}