{"id":18874,"date":"2007-08-02T13:12:47","date_gmt":"2007-08-02T13:12:47","guid":{"rendered":"https:\/\/obscom.intervozes.org.br\/wordpress\/?p=18874"},"modified":"2007-08-02T13:12:47","modified_gmt":"2007-08-02T13:12:47","slug":"ministerio-das-comunicacoes-da-voto-de-confianca-a-rede-tv","status":"publish","type":"post","link":"https:\/\/obscom.intervozes.org.br\/?p=18874","title":{"rendered":"Minist\u00e9rio das Comunica\u00e7\u00f5es d\u00e1 &#8216;voto de confian\u00e7a&#8217; \u00e0 Rede TV!"},"content":{"rendered":"<p>Not&iacute;cia publicada em 2\/8 pela Folha de S&atilde;o Paulo.<\/p>\n<p>Apesar de dever mais de R$ 50 milh&otilde;es ao INSS (Instituto Nacional do Seguro Social), a Rede TV! receber&aacute; do Minist&eacute;rio das Comunica&ccedil;&otilde;es um &#39;voto de confian&ccedil;a&#39; e manter&aacute; seu canal digital em S&atilde;o Paulo. No &uacute;ltimo dia 9, venceu o prazo para a Rede TV! apresentar certid&atilde;o negativa de d&eacute;bito no INSS, uma das exig&ecirc;ncias legais para a emissora obter o canal digital. Sem o documento, n&atilde;o ter&aacute; autoriza&ccedil;&atilde;o do minist&eacute;rio para colocar o canal no ar. Em reuni&atilde;o anteontem com o ministro H&eacute;lio Costa, o presidente da Rede TV!, Amilcare Dallevo Jr., pediu prazo para regularizar sua situa&ccedil;&atilde;o. Ele contou que a d&iacute;vida deR$ 54,712 milh&otilde;es que aparece na &uacute;ltima lista de devedores do INSS j&aacute; fora negociada e est&aacute; em dia. O problema agora &eacute; uma fiscaliza&ccedil;&atilde;o do INSS, que deve resultar em uma cobran&ccedil;a de mais de R$ 30 milh&otilde;es. <\/p>\n<p>O Minist&eacute;rio das Comunica&ccedil;&otilde;es deve publicar nos pr&oacute;ximos dias ato de H&eacute;lio Costa dando mais 90 dias para a Rede TV! apresentar certid&atilde;o negativa ou decis&atilde;o judicial favor&aacute;vel. A consultoria jur&iacute;dica do minist&eacute;rio acha &#39;razo&aacute;vel&#39; dar &#39;voto de confian&ccedil;a&#39;, uma vez que a emissora &#39;est&aacute; tomando provid&ecirc;ncias&#39; para resolver a pend&ecirc;ncia no INSS. A Rede TV! informa tamb&eacute;m que j&aacute; encomendou &agrave; japonesa Nec um transmissor digital, que deve receber em outubro. Assim, deve estrear as transmiss&otilde;es digitais em dezembro. <\/p>\n","protected":false},"excerpt":{"rendered":"<p>Not&iacute;cia publicada em 2\/8 pela Folha de S&atilde;o Paulo. Apesar de dever mais de R$ 50 milh&otilde;es ao INSS (Instituto Nacional do Seguro Social), a Rede TV! receber&aacute; do Minist&eacute;rio das Comunica&ccedil;&otilde;es um &#39;voto de confian&ccedil;a&#39; e manter&aacute; seu canal digital em S&atilde;o Paulo. No &uacute;ltimo dia 9, venceu o prazo para a Rede TV! &hellip; <a href=\"https:\/\/obscom.intervozes.org.br\/?p=18874\" class=\"more-link\">Continue lendo <span class=\"screen-reader-text\">Minist\u00e9rio das Comunica\u00e7\u00f5es d\u00e1 &#8216;voto de confian\u00e7a&#8217; \u00e0 Rede TV!<\/span> <span class=\"meta-nav\">&rarr;<\/span><\/a><\/p>\n","protected":false},"author":1,"featured_media":0,"comment_status":"open","ping_status":"open","sticky":false,"template":"","format":"standard","meta":{"footnotes":""},"categories":[39],"tags":[],"_links":{"self":[{"href":"https:\/\/obscom.intervozes.org.br\/index.php?rest_route=\/wp\/v2\/posts\/18874"}],"collection":[{"href":"https:\/\/obscom.intervozes.org.br\/index.php?rest_route=\/wp\/v2\/posts"}],"about":[{"href":"https:\/\/obscom.intervozes.org.br\/index.php?rest_route=\/wp\/v2\/types\/post"}],"author":[{"embeddable":true,"href":"https:\/\/obscom.intervozes.org.br\/index.php?rest_route=\/wp\/v2\/users\/1"}],"replies":[{"embeddable":true,"href":"https:\/\/obscom.intervozes.org.br\/index.php?rest_route=%2Fwp%2Fv2%2Fcomments&post=18874"}],"version-history":[{"count":0,"href":"https:\/\/obscom.intervozes.org.br\/index.php?rest_route=\/wp\/v2\/posts\/18874\/revisions"}],"wp:attachment":[{"href":"https:\/\/obscom.intervozes.org.br\/index.php?rest_route=%2Fwp%2Fv2%2Fmedia&parent=18874"}],"wp:term":[{"taxonomy":"category","embeddable":true,"href":"https:\/\/obscom.intervozes.org.br\/index.php?rest_route=%2Fwp%2Fv2%2Fcategories&post=18874"},{"taxonomy":"post_tag","embeddable":true,"href":"https:\/\/obscom.intervozes.org.br\/index.php?rest_route=%2Fwp%2Fv2%2Ftags&post=18874"}],"curies":[{"name":"wp","href":"https:\/\/api.w.org\/{rel}","templated":true}]}}