{"id":18873,"date":"2007-08-02T13:07:36","date_gmt":"2007-08-02T13:07:36","guid":{"rendered":"https:\/\/obscom.intervozes.org.br\/wordpress\/?p=18873"},"modified":"2007-08-02T13:07:36","modified_gmt":"2007-08-02T13:07:36","slug":"seminario-em-sp-discute-representacao-da-mulher-na-midia","status":"publish","type":"post","link":"https:\/\/obscom.intervozes.org.br\/?p=18873","title":{"rendered":"Semin\u00e1rio em SP discute representa\u00e7\u00e3o da mulher na m\u00eddia"},"content":{"rendered":"<p style=\"margin: 0cm 0cm 0pt\" class=\"MsoNormal\"><span>Na pr&oacute;xima segunda-feira, dia 6 de agosto, a Articula&ccedil;&atilde;o Mulher e m&iacute;dia &#8211; composta pela CUT, o Geled&eacute;s e uma s&eacute;rie de organiza&ccedil;&otilde;es feministas como Observat&oacute;rio da Mulher, Marcha Mundial das Mulheres, SOF e o Instituto Patr&iacute;cia Galv&atilde;o &ndash; realiza na sede nacional da CUT em S&atilde;o Paulo o semin&aacute;rio &ldquo;A imagem da mulher na m&iacute;dia&rdquo;.<\/p>\n<p><\/span><span>A programa&ccedil;&atilde;o prev&ecirc; exposi&ccedil;&otilde;es de Rachel Moreno, do Observat&oacute;rio da Mulher e da Articula&ccedil;&atilde;o Mulher e m&iacute;dia, sobre &ldquo;A imagem da mulher na m&iacute;dia&rdquo;; das ministras Matilde Ribeiro (Seppir) e Nilc&eacute;ia Freire (Secretaria Especial de Pol&iacute;ticas P&uacute;blicas para as Mulheres) e da deputada Luiza Erundina sobre o espa&ccedil;o na m&iacute;dia e as possibilidades de controle social da imagem da mulher. Tamb&eacute;m prev&ecirc; uma mesa sobre a luta pela democratiza&ccedil;&atilde;o dos meios de comunica&ccedil;&atilde;o, em que Michelle Prazeres, do Intervozes, falar&aacute; sobre a concentra&ccedil;&atilde;o dos meios de comunica&ccedil;&atilde;o e as consequ&ecirc;ncias sobre a representa&ccedil;&atilde;o da mulher; Isabella Henriques, da ONG Alana, falar&aacute; sobre a classifica&ccedil;&atilde;o indicativa de obras audiovisuais, crian&ccedil;as e o consumo e Ivone Maria da Silva, da Revista do Brasil, far&aacute; uma apresenta&ccedil;&atilde;o sobre a imagem da mulher na publica&ccedil;&atilde;o.<\/p>\n<p><\/span><span>Tamb&eacute;m est&aacute; prevista a realiza&ccedil;&atilde;o de uma oficina para reflex&atilde;o das participantes sobre o tema do semin&aacute;rio e uma reuni&atilde;o preparat&oacute;ria da interven&ccedil;&atilde;o das mulheres sobre a quest&atilde;o da comunica&ccedil;&atilde;o na Confer&ecirc;ncia Nacional de Mulheres, a ser realizada ainda este m&ecirc;s, em Bras&iacute;lia.<\/p>\n<p><\/span><span>Informa&ccedil;&otilde;es sobre o semin&aacute;rio<\/span><span>: <a href=\"mailto:snmt@cut.org.br\">snmt@cut.org.br<\/a><br \/><\/span><span>Local do evento: Rua Caetano Pinto, 575, Br&aacute;s<\/span><\/p>\n","protected":false},"excerpt":{"rendered":"<p>Na pr&oacute;xima segunda-feira, dia 6 de agosto, a Articula&ccedil;&atilde;o Mulher e m&iacute;dia &#8211; composta pela CUT, o Geled&eacute;s e uma s&eacute;rie de organiza&ccedil;&otilde;es feministas como Observat&oacute;rio da Mulher, Marcha Mundial das Mulheres, SOF e o Instituto Patr&iacute;cia Galv&atilde;o &ndash; realiza na sede nacional da CUT em S&atilde;o Paulo o semin&aacute;rio &ldquo;A imagem da mulher na &hellip; <a href=\"https:\/\/obscom.intervozes.org.br\/?p=18873\" class=\"more-link\">Continue lendo <span class=\"screen-reader-text\">Semin\u00e1rio em SP discute representa\u00e7\u00e3o da mulher na m\u00eddia<\/span> <span class=\"meta-nav\">&rarr;<\/span><\/a><\/p>\n","protected":false},"author":1,"featured_media":0,"comment_status":"open","ping_status":"open","sticky":false,"template":"","format":"standard","meta":{"footnotes":""},"categories":[39],"tags":[],"_links":{"self":[{"href":"https:\/\/obscom.intervozes.org.br\/index.php?rest_route=\/wp\/v2\/posts\/18873"}],"collection":[{"href":"https:\/\/obscom.intervozes.org.br\/index.php?rest_route=\/wp\/v2\/posts"}],"about":[{"href":"https:\/\/obscom.intervozes.org.br\/index.php?rest_route=\/wp\/v2\/types\/post"}],"author":[{"embeddable":true,"href":"https:\/\/obscom.intervozes.org.br\/index.php?rest_route=\/wp\/v2\/users\/1"}],"replies":[{"embeddable":true,"href":"https:\/\/obscom.intervozes.org.br\/index.php?rest_route=%2Fwp%2Fv2%2Fcomments&post=18873"}],"version-history":[{"count":0,"href":"https:\/\/obscom.intervozes.org.br\/index.php?rest_route=\/wp\/v2\/posts\/18873\/revisions"}],"wp:attachment":[{"href":"https:\/\/obscom.intervozes.org.br\/index.php?rest_route=%2Fwp%2Fv2%2Fmedia&parent=18873"}],"wp:term":[{"taxonomy":"category","embeddable":true,"href":"https:\/\/obscom.intervozes.org.br\/index.php?rest_route=%2Fwp%2Fv2%2Fcategories&post=18873"},{"taxonomy":"post_tag","embeddable":true,"href":"https:\/\/obscom.intervozes.org.br\/index.php?rest_route=%2Fwp%2Fv2%2Ftags&post=18873"}],"curies":[{"name":"wp","href":"https:\/\/api.w.org\/{rel}","templated":true}]}}