{"id":18869,"date":"2007-08-01T15:47:28","date_gmt":"2007-08-01T15:47:28","guid":{"rendered":"https:\/\/obscom.intervozes.org.br\/wordpress\/?p=18869"},"modified":"2007-08-01T15:47:28","modified_gmt":"2007-08-01T15:47:28","slug":"anatel-abre-licitacao-para-telefonia-movel","status":"publish","type":"post","link":"https:\/\/obscom.intervozes.org.br\/?p=18869","title":{"rendered":"Anatel abre licita\u00e7\u00e3o para telefonia m\u00f3vel"},"content":{"rendered":"<p><span>A Ag&ecirc;ncia Nacional de Telecomunica&ccedil;&otilde;es (Anatel) disponibilizou ontem, 31 de julho, o edital de licita&ccedil;&atilde;o para explora&ccedil;&atilde;o do Servi&ccedil;o M&oacute;vel Pessoal (SMP). A licita&ccedil;&atilde;o permitir&aacute; a expedi&ccedil;&atilde;o de autoriza&ccedil;&otilde;es do servi&ccedil;o em todo o territ&oacute;rio nacional, al&eacute;m de possibilitar &agrave;s atuais operadoras expandir seus servi&ccedil;os. Ao todo, ser&atilde;o licitados 105 lotes em 28 &aacute;reas de presta&ccedil;&atilde;o. <\/p>\n<p><\/span><span>Os pre&ccedil;os m&iacute;nimos estabelecidos variam de R$ 9,3 mil &#8211; lotes 90 e 91, correspondentes &agrave; &aacute;rea de presta&ccedil;&atilde;o 25, que abrange o munic&iacute;pio de Parana&iacute;ba, no Mato Grosso do Sul &#8211; a R$ 106,4 milh&otilde;es &#8211; lote 5, correspondente &agrave; &aacute;rea de presta&ccedil;&atilde;o 16, que abrange a Regi&atilde;o 1 (veja a tabela ao lado) do Plano Geral de Autoriza&ccedil;&otilde;es (PGA), &aacute;rea de concess&atilde;o da Telemar. <\/p>\n<p><\/span><span>Ser&atilde;o licitadas as Bandas E, M e L, al&eacute;m das subfaixas de extens&atilde;o em 900MHz e 1.800MHz. De acordo com o edital, a utiliza&ccedil;&atilde;o das bandas licitadas s&oacute; poder&aacute; ser efetivada ap&oacute;s o a ocorr&ecirc;ncia do leil&atilde;o de 3G. Dessas, a L em particular possui grande potencial de interfer&ecirc;ncia em uma das bandas de 3G, a J. Portanto, a prestadora que obtiver a licen&ccedil;a de explora&ccedil;&atilde;o daquelas bandas, dever&aacute; aguardar a vencedora das faixas de terceira gera&ccedil;&atilde;o ou uma autoriza&ccedil;&atilde;o expressa da Anatel para receber a licen&ccedil;a. <\/p>\n<p><\/span><span>O recebimento do Documento de Identifica&ccedil;&atilde;o, das Propostas de Pre&ccedil;o e da Documenta&ccedil;&atilde;o de Habilita&ccedil;&atilde;o dos interessados ser&aacute; no dia 18 de setembro de 2007, &agrave;s 10h, no audit&oacute;rio do Espa&ccedil;o Cultural Anatel, em Bras&iacute;lia. O edital pode ser solicitado pelos interessados &agrave; Comiss&atilde;o de Licita&ccedil;&atilde;o nos dias &uacute;teis, das 9h &agrave;s 12h e das 15h &agrave;s 17h, estando tamb&eacute;m dispon&iacute;vel para consulta pela Internet no site da Anatel (clique aqui).<\/p>\n<p><\/span><span>O Edital de Licita&ccedil;&atilde;o para Expedi&ccedil;&atilde;o de Autoriza&ccedil;&atilde;o e\/ou Outorga de Autoriza&ccedil;&atilde;o de Uso de Radiofreq&uuml;&ecirc;ncia do Servi&ccedil;o M&oacute;vel Pessoal (SMP) nas Subfaixas de Radiofreq&uuml;&ecirc;ncias E, M, L e de Extens&atilde;o em 900MHz e 1.800MHz foi colocado sob a Consulta P&uacute;blica 756 e esteve aberta a contribui&ccedil;&otilde;es entre o final de 2006 e in&iacute;cio de 2007. <\/span>&nbsp;<\/p>\n","protected":false},"excerpt":{"rendered":"<p>A Ag&ecirc;ncia Nacional de Telecomunica&ccedil;&otilde;es (Anatel) disponibilizou ontem, 31 de julho, o edital de licita&ccedil;&atilde;o para explora&ccedil;&atilde;o do Servi&ccedil;o M&oacute;vel Pessoal (SMP). A licita&ccedil;&atilde;o permitir&aacute; a expedi&ccedil;&atilde;o de autoriza&ccedil;&otilde;es do servi&ccedil;o em todo o territ&oacute;rio nacional, al&eacute;m de possibilitar &agrave;s atuais operadoras expandir seus servi&ccedil;os. Ao todo, ser&atilde;o licitados 105 lotes em 28 &aacute;reas de &hellip; <a href=\"https:\/\/obscom.intervozes.org.br\/?p=18869\" class=\"more-link\">Continue lendo <span class=\"screen-reader-text\">Anatel abre licita\u00e7\u00e3o para telefonia m\u00f3vel<\/span> <span class=\"meta-nav\">&rarr;<\/span><\/a><\/p>\n","protected":false},"author":1,"featured_media":0,"comment_status":"open","ping_status":"open","sticky":false,"template":"","format":"standard","meta":{"footnotes":""},"categories":[40],"tags":[81],"_links":{"self":[{"href":"https:\/\/obscom.intervozes.org.br\/index.php?rest_route=\/wp\/v2\/posts\/18869"}],"collection":[{"href":"https:\/\/obscom.intervozes.org.br\/index.php?rest_route=\/wp\/v2\/posts"}],"about":[{"href":"https:\/\/obscom.intervozes.org.br\/index.php?rest_route=\/wp\/v2\/types\/post"}],"author":[{"embeddable":true,"href":"https:\/\/obscom.intervozes.org.br\/index.php?rest_route=\/wp\/v2\/users\/1"}],"replies":[{"embeddable":true,"href":"https:\/\/obscom.intervozes.org.br\/index.php?rest_route=%2Fwp%2Fv2%2Fcomments&post=18869"}],"version-history":[{"count":0,"href":"https:\/\/obscom.intervozes.org.br\/index.php?rest_route=\/wp\/v2\/posts\/18869\/revisions"}],"wp:attachment":[{"href":"https:\/\/obscom.intervozes.org.br\/index.php?rest_route=%2Fwp%2Fv2%2Fmedia&parent=18869"}],"wp:term":[{"taxonomy":"category","embeddable":true,"href":"https:\/\/obscom.intervozes.org.br\/index.php?rest_route=%2Fwp%2Fv2%2Fcategories&post=18869"},{"taxonomy":"post_tag","embeddable":true,"href":"https:\/\/obscom.intervozes.org.br\/index.php?rest_route=%2Fwp%2Fv2%2Ftags&post=18869"}],"curies":[{"name":"wp","href":"https:\/\/api.w.org\/{rel}","templated":true}]}}