{"id":18864,"date":"2007-08-01T12:33:22","date_gmt":"2007-08-01T12:33:22","guid":{"rendered":"https:\/\/obscom.intervozes.org.br\/wordpress\/?p=18864"},"modified":"2007-08-01T12:33:22","modified_gmt":"2007-08-01T12:33:22","slug":"congresso-atualizara-codigo-de-etica-do-jornalismo","status":"publish","type":"post","link":"https:\/\/obscom.intervozes.org.br\/?p=18864","title":{"rendered":"Congresso atualizar\u00e1 C\u00f3digo de \u00c9tica do jornalismo"},"content":{"rendered":"<p>De 3 a 5 de agosto, delega&ccedil;&otilde;es de 20 estados debater&atilde;o, em Vit&oacute;ria(ES), a atualizada do C&oacute;digo de &Eacute;tica dos Jornalistas Brasileiros. Na abertura do Congresso Nacional Extraordin&aacute;rio haver&aacute; a posse da nova dire&ccedil;&atilde;o da Federa&ccedil;&atilde;o Nacional dos Jornalistas (Fenaj) e Comiss&atilde;o Nacional de &Eacute;tica, eleitas pelo voto direto da categoria, em processo recentemente encerrado. Outro destaque do evento ser&aacute; a confer&ecirc;ncia de abertura, com o jornalista colombiano Javier Restrepo, que teve seu hor&aacute;rio e local alterados.<\/p>\n<p>O atual C&oacute;digo de &Eacute;tica dos Jornalistas est&aacute; em vigor desde 1987. O debate sobre sua atualiza&ccedil;&atilde;o vem sendo debatido h&aacute; tr&ecirc;s anos e foi intensificado a partir do in&iacute;cio o ano passado. O c&oacute;digo foi, inclusive, submetido a processo de consulta p&uacute;blica. Uma Comiss&atilde;o Nacional sistematizou as propostas apresentadas, que resultaram na tese guia do evento.<\/p>\n<p>Al&eacute;m da posse das novas diretoria e Comiss&atilde;o de &Eacute;tica definidas na elei&ccedil;&atilde;o direta que a Fenaj promoveu de 16 a 18 de julho, no Congresso Nacional Extraordin&aacute;rio haver&aacute;, tamb&eacute;m, uma homenagem ao Vice-presidente da atual Comiss&atilde;o Nacional de &Eacute;tica dos Jornalistas, Jos&eacute; Hip&oacute;lito de Ara&uacute;jo, que faleceu no in&iacute;cio de 2007. <\/p>\n<p>O jornalista colombiano e especialista em &eacute;tica, Javier Dar&iacute;o Restrepo, estar&aacute; em Vit&oacute;ria no dia 04 de agosto (s&aacute;bado). Mas a confer&ecirc;ncia &#39;&#39;&Eacute;tica e Jornalismo na Am&eacute;rica Latina&#39;&#39;, antes prevista para as 9h, foi transferida para as 14h, no audit&oacute;rio do Hotel Bristol. A mudan&ccedil;a se deu porque Restrepo estar&aacute; vindo de uma outra confer&ecirc;ncia, em Washington, e sua chegada ao Brasil ser&aacute; no in&iacute;cio da manh&atilde; de s&aacute;bado.<\/p>\n<p>Professor de &eacute;tica da Funda&ccedil;&atilde;o para um Novo Jornalismo Iberoamericano (FNPI) e jornalista h&aacute; 49 anos, Restrepo &eacute; fundador da Comiss&atilde;o de &Eacute;tica do C&iacute;rculo de Jornalistas de Bogot&aacute; e do Instituto de Estudos sobre Comunica&ccedil;&atilde;o e Cultura (IECO), al&eacute;m de ter recebido o &#39;&#39;Pr&ecirc;mio Latino-americano de &Eacute;tica Jornal&iacute;stica&#39;&#39;, outorgado pelo Centro Latino-americano de Periodismo (CELAP).<\/p>\n<p>No balan&ccedil;o da Comiss&atilde;o Organizadora, est&atilde;o inscritos aproximadamente 150 participantes, entre delegados, observadores e convidados. Novas inscri&ccedil;&otilde;es de observadores de outros estados dependem, agora, de consulta pr&eacute;via ao Sindicato dos Jornalistas do Esp&iacute;rito Santo (fone 27 &ndash; 3222.2699).<\/p>\n<p>&nbsp; <img loading=\"lazy\" decoding=\"async\" src=\"images\/stories\/politica_publicacoes\/c_invertido_pq.png\" alt=\"Active Image\" width=\"15\" height=\"15\" \/><\/p>\n","protected":false},"excerpt":{"rendered":"<p>De 3 a 5 de agosto, delega&ccedil;&otilde;es de 20 estados debater&atilde;o, em Vit&oacute;ria(ES), a atualizada do C&oacute;digo de &Eacute;tica dos Jornalistas Brasileiros. Na abertura do Congresso Nacional Extraordin&aacute;rio haver&aacute; a posse da nova dire&ccedil;&atilde;o da Federa&ccedil;&atilde;o Nacional dos Jornalistas (Fenaj) e Comiss&atilde;o Nacional de &Eacute;tica, eleitas pelo voto direto da categoria, em processo recentemente encerrado. &hellip; <a href=\"https:\/\/obscom.intervozes.org.br\/?p=18864\" class=\"more-link\">Continue lendo <span class=\"screen-reader-text\">Congresso atualizar\u00e1 C\u00f3digo de \u00c9tica do jornalismo<\/span> <span class=\"meta-nav\">&rarr;<\/span><\/a><\/p>\n","protected":false},"author":1,"featured_media":0,"comment_status":"open","ping_status":"open","sticky":false,"template":"","format":"standard","meta":{"footnotes":""},"categories":[40],"tags":[122],"_links":{"self":[{"href":"https:\/\/obscom.intervozes.org.br\/index.php?rest_route=\/wp\/v2\/posts\/18864"}],"collection":[{"href":"https:\/\/obscom.intervozes.org.br\/index.php?rest_route=\/wp\/v2\/posts"}],"about":[{"href":"https:\/\/obscom.intervozes.org.br\/index.php?rest_route=\/wp\/v2\/types\/post"}],"author":[{"embeddable":true,"href":"https:\/\/obscom.intervozes.org.br\/index.php?rest_route=\/wp\/v2\/users\/1"}],"replies":[{"embeddable":true,"href":"https:\/\/obscom.intervozes.org.br\/index.php?rest_route=%2Fwp%2Fv2%2Fcomments&post=18864"}],"version-history":[{"count":0,"href":"https:\/\/obscom.intervozes.org.br\/index.php?rest_route=\/wp\/v2\/posts\/18864\/revisions"}],"wp:attachment":[{"href":"https:\/\/obscom.intervozes.org.br\/index.php?rest_route=%2Fwp%2Fv2%2Fmedia&parent=18864"}],"wp:term":[{"taxonomy":"category","embeddable":true,"href":"https:\/\/obscom.intervozes.org.br\/index.php?rest_route=%2Fwp%2Fv2%2Fcategories&post=18864"},{"taxonomy":"post_tag","embeddable":true,"href":"https:\/\/obscom.intervozes.org.br\/index.php?rest_route=%2Fwp%2Fv2%2Ftags&post=18864"}],"curies":[{"name":"wp","href":"https:\/\/api.w.org\/{rel}","templated":true}]}}