{"id":18860,"date":"2007-07-31T16:08:56","date_gmt":"2007-07-31T16:08:56","guid":{"rendered":"https:\/\/obscom.intervozes.org.br\/wordpress\/?p=18860"},"modified":"2007-07-31T16:08:56","modified_gmt":"2007-07-31T16:08:56","slug":"direito-a-comunicacao-e-tema-de-atividades-no-ii-fsne","status":"publish","type":"post","link":"https:\/\/obscom.intervozes.org.br\/?p=18860","title":{"rendered":"Direito \u00e0 Comunica\u00e7\u00e3o \u00e9 tema de atividades no II FSNE"},"content":{"rendered":"<p style=\"margin: 0cm 0cm 0pt; text-align: justify\" class=\"MsoNormal\"><span>Come&ccedil;a nesta quinta-feira (2), na cidade de Salvador (BA), o II F&oacute;rum Social Nordestino &#8211; FSNE, com previs&atilde;o de reunir cerca de 10 mil pessoas na capital Baiana at&eacute; o pr&oacute;ximo domingo. Confer&ecirc;ncias, semin&aacute;rios, oficinas e reuni&otilde;es de articula&ccedil;&atilde;o movimentar&atilde;o o encontro que vem se consolidando como um dos mais importantes eventos da agenda social do Nordeste. Na &aacute;rea da comunica&ccedil;&atilde;o, alguns eventos j&aacute; est&atilde;o confirmados na programa&ccedil;&atilde;o.<\/p>\n<p><\/span><span>As confer&ecirc;ncias centrais, pautadas a partir dos seis eixos tem&aacute;ticos do F&oacute;rum, acontecem nos dias 2 e 3, no Gin&aacute;sio Ant&ocirc;nio Balbino (Balbininho), a partir das 16h.&nbsp;Embora a comunica&ccedil;&atilde;o esteja de alguma forma presente nos diversos eixos tem&aacute;ticos, o&nbsp;tema est&aacute; mais&nbsp;diretamente pautado no eixo 4: &quot;Pela constru&ccedil;&atilde;o de estruturas pol&iacute;ticas democr&aacute;ticas com participa&ccedil;&atilde;o da popula&ccedil;&atilde;o nas decis&otilde;es, controle social sobre os governos e democratiza&ccedil;&atilde;o da comunica&ccedil;&atilde;o&quot;. Na confer&ecirc;ncia deste eixo, de t&iacute;tulo &ldquo;Os direitos universais, a democratiza&ccedil;&atilde;o do Estado, do poder e do conhecimento&rdquo; (sexta, dia 3, a partir das 17h40), o professor da Universidade Federal de Pernambuco (UFPE), Edgar Rebou&ccedil;as, aborda temas como o direito humano &agrave; comunica&ccedil;&atilde;o, o modelo democr&aacute;tico de radiodifus&atilde;o, a inclus&atilde;o digital e o controle social da pol&iacute;ticas publicas de comunica&ccedil;&atilde;o.&nbsp;<\/p>\n<p><\/span><span>Segundo a programa&ccedil;&atilde;o divulgada pela comiss&atilde;o organizadora do II FSNE no site do encontro (www.forumsocialnordestino.org.br), outras tr&ecirc;s atividades ir&atilde;o tratar diretamente de quest&otilde;es ligadas &agrave; comunica&ccedil;&atilde;o.&nbsp; Na sexta-feira (3), o semin&aacute;rio &quot;Uma outra pol&iacute;tica de radiodifus&atilde;o comunit&aacute;ria &eacute; necess&aacute;ria e poss&iacute;vel&quot; acontece no audit&oacute;rio da Faculdade de Comunica&ccedil;&atilde;o da Ufba (Campus Ondina).&nbsp;No mesmo dia, no anfiteatro da Faculdade de Biologia, ser&aacute; debatido o tema &quot;G&ecirc;nero, pol&iacute;tica, r&aacute;dio e TICS: Novos desafios para os movimentos sociais&quot;. Na manh&atilde; seguinte (s&aacute;bado, dia 4), ser&aacute; a vez do semin&aacute;rio &quot;Rumo &agrave; Confer&ecirc;ncia Nacional de Comunica&ccedil;&atilde;o&quot;, no audit&oacute;rio da Facom\/Ufba. Todos os semin&aacute;rios t&ecirc;m in&iacute;cio &agrave;s 9h.&nbsp; <\/p>\n<p><\/span><span>Al&eacute;m dos debates previstos nas confer&ecirc;ncias e nos semin&aacute;rios, tamb&eacute;m ser&aacute; realizada uma reuni&atilde;o de articula&ccedil;&atilde;o aberta &agrave; participa&ccedil;&atilde;o de pessoas e entidades interessados na discuss&atilde;o sobre as concess&otilde;es p&uacute;blicas de r&aacute;dio e televis&atilde;o. O encontro, organizado pelo Intervozes &#8211; Coletivo Brasil de Comunica&ccedil;&atilde;o Social,&nbsp;acontece no domingo &agrave;s 9h, em local ainda a ser definido pela comiss&atilde;o organizadora do II FSNE.<\/span><\/p>\n<p><span>&nbsp;<\/span> <\/p>\n<p style=\"margin: 0cm 0cm 0pt; text-align: justify\" class=\"MsoNormal\"><span><strong>Veja as atividades que v&atilde;o discutir comunica&ccedil;&atilde;o no FSNE:<\/strong><\/span><\/p>\n<p><span>&nbsp;<\/span> <\/p>\n<p style=\"margin: 0cm 0cm 0pt; text-align: justify\" class=\"MsoNormal\"><span><u>3 de agosto<\/u><\/span><\/p>\n<p style=\"margin: 0cm 0cm 0pt; text-align: justify\" class=\"MsoNormal\">&nbsp;<\/p>\n<p style=\"margin: 0cm 0cm 0pt; text-align: justify\" class=\"MsoNormal\"><span><strong>Confer&ecirc;ncia &ldquo;Os direitos universais, a democratiza&ccedil;&atilde;o do Estado, do poder e do conhecimento&rdquo;<\/strong>&nbsp;<br \/>A partir das 17h40 &#8211; Gin&aacute;sio Ant&ocirc;nio Balbino<\/span><\/p>\n<p style=\"margin: 0cm 0cm 0pt; text-align: justify\" class=\"MsoNormal\">&nbsp;<\/p>\n<p style=\"margin: 0cm 0cm 0pt; text-align: justify\" class=\"MsoNormal\"><span><strong>Semin&aacute;rio &quot;Uma outra pol&iacute;tica de radiodifus&atilde;o comunit&aacute;ria &eacute; necess&aacute;ria e poss&iacute;vel&quot;<\/strong> <br \/>9h &#8211; <\/span><span>Audit&oacute;rio da Faculdade de Comunica&ccedil;&atilde;o da Ufba (Campus Ondina)<\/p>\n<p><strong>Debate &quot;<span>G&ecirc;nero, pol&iacute;tica, r&aacute;dio e TICS: Novos desafios para os movimentos sociais&quot;<\/span><\/strong><br \/><\/span><span>9h &#8211; <\/span><span>Faculdade de Biologia<\/span><\/p>\n<p style=\"margin: 0cm 0cm 0pt; text-align: justify\" class=\"MsoNormal\">&nbsp;<\/p>\n<p style=\"margin: 0cm 0cm 0pt; text-align: justify\" class=\"MsoNormal\"><strong><span>Oficina&nbsp;<\/span><span>Projeto Mulheres: a m&iacute;dia e a mercantiliza&ccedil;&atilde;o dos corpos femininos na contemporaneidade<\/span><\/strong><\/p>\n<p><span>9h &#8211; Sala 111 do PAF 1 &ndash; UFBA\/Ondina<\/span> <\/p>\n<p style=\"margin: 0cm 0cm 0pt; text-align: justify\" class=\"MsoNormal\"><span>Proponentes: CEAJ, CEM, Artelaria Produ&ccedil;&otilde;es<\/span><\/p>\n<p><span><span><\/p>\n<p style=\"margin: 0cm 0cm 0pt; text-align: justify\" class=\"MsoNormal\"><u>4 de agosto<br \/><\/u><br \/><strong>Semin&aacute;rio &quot;Rumo &agrave; Confer&ecirc;ncia Nacional de Comunica&ccedil;&atilde;o&quot; <br \/><\/strong>9h &#8211; Audit&oacute;rio da Facom\/Ufba<\/p>\n<p><\/span><\/p>\n<p style=\"margin: 0cm 0cm 0pt; text-align: justify\" class=\"MsoNormal\">Proponente: FNDC<\/p>\n<p><strong><span>Oficina &quot;<\/span><span>Inclus&atilde;o social + inclus&atilde;o digital &ndash; como o movimento social poder&aacute; interagir com o movimento software livre para a discuss&atilde;o de projetos e pol&iacute;ticas p&uacute;blicas&quot;<\/span><\/strong><\/p>\n<p><\/span><\/p>\n<p style=\"margin: 0cm 0cm 0pt; text-align: justify\" class=\"MsoNormal\"><span>9h &#8211; Sala 1 da Faculdade de Comunica&ccedil;&atilde;o &ndash; UFBA\/Ondina<\/span><\/p>\n<p style=\"margin: 0cm 0cm 0pt; text-align: justify\" class=\"MsoNormal\"><span>Proponentes: ELO, ABONG, Mestrado de Pol&iacute;ticas Sociais e Cidadania\/UCSAL, SASOP<\/span><\/p>\n<p><span>&nbsp;<\/span> <\/p>\n<p style=\"margin: 0cm 0cm 0pt; text-align: justify\" class=\"MsoNormal\"><strong><span>Oficina &quot;<\/span><span>Comunica&ccedil;&atilde;o como direito humano e utiliza&ccedil;&atilde;o de seus instrumentos como interven&ccedil;&atilde;o social&quot;<\/span><\/strong><\/p>\n<p><span>9h &#8211; Sala 2 da Faculdade de Comunica&ccedil;&atilde;o &ndash; UFBA\/Ondina<\/span> <\/p>\n<p style=\"margin: 0cm 0cm 0pt; text-align: justify\" class=\"MsoNormal\"><span>Proponentes: CCJ, Escola de Forma&ccedil;&atilde;o Quilombo dos Palmares, RJNE<\/span><\/p>\n<p style=\"margin: 0cm 0cm 0pt; text-align: justify\" class=\"MsoNormal\">&nbsp;<\/p>\n<p style=\"margin: 0cm 0cm 0pt; text-align: justify\" class=\"MsoNormal\"><u>5&nbsp;de agosto<\/u><\/p>\n<p style=\"margin: 0cm 0cm 0pt; text-align: justify\" class=\"MsoNormal\">&nbsp;<\/p>\n<p style=\"margin: 0cm 0cm 0pt; text-align: justify\" class=\"MsoNormal\"><span><span><strong>Reuni&atilde;o aberta &agrave; participa&ccedil;&atilde;o de pessoas e entidades interessados na discuss&atilde;o sobre as concess&otilde;es p&uacute;blicas de r&aacute;dio e televis&atilde;o<\/strong><br \/>9h &#8211;&nbsp;local ainda a ser definido pela comiss&atilde;o organizadora do II FSNE<\/span><\/span><\/p>\n<p style=\"margin: 0cm 0cm 0pt; text-align: justify\" class=\"MsoNormal\"><span><span>Proponente: Intervozes &#8211; Coletivo Brasil de Comunica&ccedil;&atilde;o Social&nbsp; <br \/><\/span><\/span>&nbsp;<\/p>\n","protected":false},"excerpt":{"rendered":"<p>Come&ccedil;a nesta quinta-feira (2), na cidade de Salvador (BA), o II F&oacute;rum Social Nordestino &#8211; FSNE, com previs&atilde;o de reunir cerca de 10 mil pessoas na capital Baiana at&eacute; o pr&oacute;ximo domingo. Confer&ecirc;ncias, semin&aacute;rios, oficinas e reuni&otilde;es de articula&ccedil;&atilde;o movimentar&atilde;o o encontro que vem se consolidando como um dos mais importantes eventos da agenda social &hellip; <a href=\"https:\/\/obscom.intervozes.org.br\/?p=18860\" class=\"more-link\">Continue lendo <span class=\"screen-reader-text\">Direito \u00e0 Comunica\u00e7\u00e3o \u00e9 tema de atividades no II FSNE<\/span> <span class=\"meta-nav\">&rarr;<\/span><\/a><\/p>\n","protected":false},"author":1,"featured_media":0,"comment_status":"open","ping_status":"open","sticky":false,"template":"","format":"standard","meta":{"footnotes":""},"categories":[40],"tags":[351],"_links":{"self":[{"href":"https:\/\/obscom.intervozes.org.br\/index.php?rest_route=\/wp\/v2\/posts\/18860"}],"collection":[{"href":"https:\/\/obscom.intervozes.org.br\/index.php?rest_route=\/wp\/v2\/posts"}],"about":[{"href":"https:\/\/obscom.intervozes.org.br\/index.php?rest_route=\/wp\/v2\/types\/post"}],"author":[{"embeddable":true,"href":"https:\/\/obscom.intervozes.org.br\/index.php?rest_route=\/wp\/v2\/users\/1"}],"replies":[{"embeddable":true,"href":"https:\/\/obscom.intervozes.org.br\/index.php?rest_route=%2Fwp%2Fv2%2Fcomments&post=18860"}],"version-history":[{"count":0,"href":"https:\/\/obscom.intervozes.org.br\/index.php?rest_route=\/wp\/v2\/posts\/18860\/revisions"}],"wp:attachment":[{"href":"https:\/\/obscom.intervozes.org.br\/index.php?rest_route=%2Fwp%2Fv2%2Fmedia&parent=18860"}],"wp:term":[{"taxonomy":"category","embeddable":true,"href":"https:\/\/obscom.intervozes.org.br\/index.php?rest_route=%2Fwp%2Fv2%2Fcategories&post=18860"},{"taxonomy":"post_tag","embeddable":true,"href":"https:\/\/obscom.intervozes.org.br\/index.php?rest_route=%2Fwp%2Fv2%2Ftags&post=18860"}],"curies":[{"name":"wp","href":"https:\/\/api.w.org\/{rel}","templated":true}]}}