{"id":18855,"date":"2007-07-31T12:30:40","date_gmt":"2007-07-31T12:30:40","guid":{"rendered":"https:\/\/obscom.intervozes.org.br\/wordpress\/?p=18855"},"modified":"2007-07-31T12:30:40","modified_gmt":"2007-07-31T12:30:40","slug":"prorrogado-prazo-para-inscricoes-de-projetos-para-pontoes-de-cultura","status":"publish","type":"post","link":"https:\/\/obscom.intervozes.org.br\/?p=18855","title":{"rendered":"Prorrogado prazo para inscri\u00e7\u00f5es de projetos para Pont\u00f5es de Cultura"},"content":{"rendered":"<p style=\"margin: 0cm 0cm 0pt\" class=\"MsoNormal\"><span>O prazo de inscri&ccedil;&otilde;es da sele&ccedil;&atilde;o de pr&eacute;-projetos para o Edital de Pont&otilde;es de Cultura foi prorrogado para o dia 20 de agosto. O aviso foi publicado na &uacute;ltima quinta-feira, dia 26 de julho, no Di&aacute;rio Oficial da Uni&atilde;o (Se&ccedil;&atilde;o 3). Todos os prazos mencionados no edital foram prorrogados por igual per&iacute;odo.<\/p>\n<p><\/span><span>Os Pont&otilde;es de Cultura s&atilde;o instrumentos de promo&ccedil;&atilde;o do interc&acirc;mbio e difus&atilde;o da cultura brasileira em suas mais diversas linguagens e formas, no &acirc;mbito regional ou nacional, geridos por ente p&uacute;blico ou privado sem fins lucrativos, com objetivos diversos, dentre eles, o desenvolvimento de a&ccedil;&otilde;es de capacita&ccedil;&atilde;o e forma&ccedil;&atilde;o de agentes culturais vinculados aos Pontos de Cultura.<\/p>\n<p><\/span><span>O edital deste ano contempla, tamb&eacute;m, a cria&ccedil;&atilde;o do Pont&atilde;o de Cultura Digital, que possui as mesmas fun&ccedil;&otilde;es dos &#39;Pont&otilde;es de Cultura&#39;, por&eacute;m, com a peculiaridade de utilizar predominantemente os meios digitais na promo&ccedil;&atilde;o de suas atividades.<\/p>\n<p><\/span><span>Os pr&eacute;-projetos selecionados compor&atilde;o um banco de propostas que ser&atilde;o conveniadas ao Programa Cultura Viva, da Secretaria de Programas e Projetos Culturais (SPPC\/MinC), na ordem crescente de classifica&ccedil;&atilde;o no edital, conforme a disponibilidade or&ccedil;ament&aacute;ria do Minist&eacute;rio da Cultura.<\/p>\n<p><\/span><\/p>\n<p><span><font size=\"3\"><img loading=\"lazy\" decoding=\"async\" src=\"images\/stories\/politica_publicacoes\/c_invertido_pq.png\" alt=\"Active Image\" width=\"15\" height=\"15\" \/><\/font><\/span><\/p>\n","protected":false},"excerpt":{"rendered":"<p>O prazo de inscri&ccedil;&otilde;es da sele&ccedil;&atilde;o de pr&eacute;-projetos para o Edital de Pont&otilde;es de Cultura foi prorrogado para o dia 20 de agosto. O aviso foi publicado na &uacute;ltima quinta-feira, dia 26 de julho, no Di&aacute;rio Oficial da Uni&atilde;o (Se&ccedil;&atilde;o 3). Todos os prazos mencionados no edital foram prorrogados por igual per&iacute;odo. Os Pont&otilde;es de &hellip; <a href=\"https:\/\/obscom.intervozes.org.br\/?p=18855\" class=\"more-link\">Continue lendo <span class=\"screen-reader-text\">Prorrogado prazo para inscri\u00e7\u00f5es de projetos para Pont\u00f5es de Cultura<\/span> <span class=\"meta-nav\">&rarr;<\/span><\/a><\/p>\n","protected":false},"author":1,"featured_media":0,"comment_status":"open","ping_status":"open","sticky":false,"template":"","format":"standard","meta":{"footnotes":""},"categories":[40],"tags":[349],"_links":{"self":[{"href":"https:\/\/obscom.intervozes.org.br\/index.php?rest_route=\/wp\/v2\/posts\/18855"}],"collection":[{"href":"https:\/\/obscom.intervozes.org.br\/index.php?rest_route=\/wp\/v2\/posts"}],"about":[{"href":"https:\/\/obscom.intervozes.org.br\/index.php?rest_route=\/wp\/v2\/types\/post"}],"author":[{"embeddable":true,"href":"https:\/\/obscom.intervozes.org.br\/index.php?rest_route=\/wp\/v2\/users\/1"}],"replies":[{"embeddable":true,"href":"https:\/\/obscom.intervozes.org.br\/index.php?rest_route=%2Fwp%2Fv2%2Fcomments&post=18855"}],"version-history":[{"count":0,"href":"https:\/\/obscom.intervozes.org.br\/index.php?rest_route=\/wp\/v2\/posts\/18855\/revisions"}],"wp:attachment":[{"href":"https:\/\/obscom.intervozes.org.br\/index.php?rest_route=%2Fwp%2Fv2%2Fmedia&parent=18855"}],"wp:term":[{"taxonomy":"category","embeddable":true,"href":"https:\/\/obscom.intervozes.org.br\/index.php?rest_route=%2Fwp%2Fv2%2Fcategories&post=18855"},{"taxonomy":"post_tag","embeddable":true,"href":"https:\/\/obscom.intervozes.org.br\/index.php?rest_route=%2Fwp%2Fv2%2Ftags&post=18855"}],"curies":[{"name":"wp","href":"https:\/\/api.w.org\/{rel}","templated":true}]}}