{"id":18851,"date":"2007-07-31T11:43:56","date_gmt":"2007-07-31T11:43:56","guid":{"rendered":"https:\/\/obscom.intervozes.org.br\/wordpress\/?p=18851"},"modified":"2007-07-31T11:43:56","modified_gmt":"2007-07-31T11:43:56","slug":"tv-publica-relatorio-final-sobre-a-criacao-da-emissora-e-adiado-por-60-dias","status":"publish","type":"post","link":"https:\/\/obscom.intervozes.org.br\/?p=18851","title":{"rendered":"TV p\u00fablica: relat\u00f3rio final sobre a cria\u00e7\u00e3o da emissora \u00e9 adiado por 60 dias"},"content":{"rendered":"<p><span>A Secretaria de Comunica&ccedil;&atilde;o Social da Presid&ecirc;ncia da Rep&uacute;blica publicou nesta segunda-feira, 30, portaria prorrogando por mais 60 dias a entrega do relat&oacute;rio final sobre a cria&ccedil;&atilde;o da TV p&uacute;blica. A nova data para a apresenta&ccedil;&atilde;o dos estudos passa a ser 27 de setembro. O prazo previsto no decreto de cria&ccedil;&atilde;o da TV p&uacute;blica expirou na &uacute;ltima quinta-feira, dia 28.<\/p>\n<p><\/span><span>A medida, assinada pelo ministro Franklin Martins, d&aacute; mais tempo para que o conjunto de ministros estude o modelo jur&iacute;dico de implanta&ccedil;&atilde;o da nova rede de TV e como ela ser&aacute; financiada. De acordo com o texto do decreto, o governo n&atilde;o poder&aacute; prorrogar novamente a data de entrega do relat&oacute;rio ao presidente da Rep&uacute;blica.<\/span> <\/p>\n<p style=\"margin: 0cm 0cm 0pt\" class=\"MsoNormal\"><span><br \/>As informa&ccedil;&otilde;es s&atilde;o da Tela Viva News.<\/span><\/p>\n","protected":false},"excerpt":{"rendered":"<p>A Secretaria de Comunica&ccedil;&atilde;o Social da Presid&ecirc;ncia da Rep&uacute;blica publicou nesta segunda-feira, 30, portaria prorrogando por mais 60 dias a entrega do relat&oacute;rio final sobre a cria&ccedil;&atilde;o da TV p&uacute;blica. A nova data para a apresenta&ccedil;&atilde;o dos estudos passa a ser 27 de setembro. O prazo previsto no decreto de cria&ccedil;&atilde;o da TV p&uacute;blica expirou &hellip; <a href=\"https:\/\/obscom.intervozes.org.br\/?p=18851\" class=\"more-link\">Continue lendo <span class=\"screen-reader-text\">TV p\u00fablica: relat\u00f3rio final sobre a cria\u00e7\u00e3o da emissora \u00e9 adiado por 60 dias<\/span> <span class=\"meta-nav\">&rarr;<\/span><\/a><\/p>\n","protected":false},"author":1,"featured_media":0,"comment_status":"open","ping_status":"open","sticky":false,"template":"","format":"standard","meta":{"footnotes":""},"categories":[39],"tags":[],"_links":{"self":[{"href":"https:\/\/obscom.intervozes.org.br\/index.php?rest_route=\/wp\/v2\/posts\/18851"}],"collection":[{"href":"https:\/\/obscom.intervozes.org.br\/index.php?rest_route=\/wp\/v2\/posts"}],"about":[{"href":"https:\/\/obscom.intervozes.org.br\/index.php?rest_route=\/wp\/v2\/types\/post"}],"author":[{"embeddable":true,"href":"https:\/\/obscom.intervozes.org.br\/index.php?rest_route=\/wp\/v2\/users\/1"}],"replies":[{"embeddable":true,"href":"https:\/\/obscom.intervozes.org.br\/index.php?rest_route=%2Fwp%2Fv2%2Fcomments&post=18851"}],"version-history":[{"count":0,"href":"https:\/\/obscom.intervozes.org.br\/index.php?rest_route=\/wp\/v2\/posts\/18851\/revisions"}],"wp:attachment":[{"href":"https:\/\/obscom.intervozes.org.br\/index.php?rest_route=%2Fwp%2Fv2%2Fmedia&parent=18851"}],"wp:term":[{"taxonomy":"category","embeddable":true,"href":"https:\/\/obscom.intervozes.org.br\/index.php?rest_route=%2Fwp%2Fv2%2Fcategories&post=18851"},{"taxonomy":"post_tag","embeddable":true,"href":"https:\/\/obscom.intervozes.org.br\/index.php?rest_route=%2Fwp%2Fv2%2Ftags&post=18851"}],"curies":[{"name":"wp","href":"https:\/\/api.w.org\/{rel}","templated":true}]}}