{"id":18850,"date":"2007-07-31T11:37:30","date_gmt":"2007-07-31T11:37:30","guid":{"rendered":"https:\/\/obscom.intervozes.org.br\/wordpress\/?p=18850"},"modified":"2007-07-31T11:37:30","modified_gmt":"2007-07-31T11:37:30","slug":"segundo-costa-comite-pode-decidir-esta-semana-padrao-de-radio-digital","status":"publish","type":"post","link":"https:\/\/obscom.intervozes.org.br\/?p=18850","title":{"rendered":"Segundo Costa, comit\u00ea pode decidir esta semana padr\u00e3o de r\u00e1dio digital"},"content":{"rendered":"<p><span><\/span><span>O jornal O Globo de ontem (30\/07) traz a informa&ccedil;&atilde;o do ministro H&eacute;lio Costa de que <\/span><span>o comit&ecirc; encarregado de estabelecer o padr&atilde;o da r&aacute;dio digital brasileira deve decidir nesta quarta-feira, 1&ordm; de agosto, que sistema o Brasil vai adotar. <span>Na entrevista, o ministro das Comunica&ccedil;&otilde;es diz que o relat&oacute;rio final da reuni&atilde;o de quarta, com a escolha do padr&atilde;o, ser&aacute; entregue &agrave; Casal Civil na sexta-feira, 3.&nbsp;Segundo o ministro, seria escolhido o padr&atilde;o norte-americano IBOC para as emissoras AM e FM e o europeu DRM para as emissoras de ondas curtas (OC).&nbsp;&nbsp; <\/span><\/span><\/p>\n<p style=\"margin: 0cm 0cm 0pt\" class=\"MsoNormal\">&nbsp;<\/p>\n<p style=\"margin: 0cm 0cm 0pt\" class=\"MsoNormal\"><span>Segundo o pr&oacute;prio jornal, a <\/span><span>Abert, a Abinee e&nbsp;as organiza&ccedil;&otilde;es da sociedade civil que participam do Comit&ecirc;&nbsp;n&atilde;o t&ecirc;m conhecimento que&nbsp;a&nbsp; decis&atilde;o j&aacute; tenha sido tomada pelo governo.<\/span><\/p>\n","protected":false},"excerpt":{"rendered":"<p>O jornal O Globo de ontem (30\/07) traz a informa&ccedil;&atilde;o do ministro H&eacute;lio Costa de que o comit&ecirc; encarregado de estabelecer o padr&atilde;o da r&aacute;dio digital brasileira deve decidir nesta quarta-feira, 1&ordm; de agosto, que sistema o Brasil vai adotar. Na entrevista, o ministro das Comunica&ccedil;&otilde;es diz que o relat&oacute;rio final da reuni&atilde;o de quarta, &hellip; <a href=\"https:\/\/obscom.intervozes.org.br\/?p=18850\" class=\"more-link\">Continue lendo <span class=\"screen-reader-text\">Segundo Costa, comit\u00ea pode decidir esta semana padr\u00e3o de r\u00e1dio digital<\/span> <span class=\"meta-nav\">&rarr;<\/span><\/a><\/p>\n","protected":false},"author":1,"featured_media":0,"comment_status":"open","ping_status":"open","sticky":false,"template":"","format":"standard","meta":{"footnotes":""},"categories":[39],"tags":[],"_links":{"self":[{"href":"https:\/\/obscom.intervozes.org.br\/index.php?rest_route=\/wp\/v2\/posts\/18850"}],"collection":[{"href":"https:\/\/obscom.intervozes.org.br\/index.php?rest_route=\/wp\/v2\/posts"}],"about":[{"href":"https:\/\/obscom.intervozes.org.br\/index.php?rest_route=\/wp\/v2\/types\/post"}],"author":[{"embeddable":true,"href":"https:\/\/obscom.intervozes.org.br\/index.php?rest_route=\/wp\/v2\/users\/1"}],"replies":[{"embeddable":true,"href":"https:\/\/obscom.intervozes.org.br\/index.php?rest_route=%2Fwp%2Fv2%2Fcomments&post=18850"}],"version-history":[{"count":0,"href":"https:\/\/obscom.intervozes.org.br\/index.php?rest_route=\/wp\/v2\/posts\/18850\/revisions"}],"wp:attachment":[{"href":"https:\/\/obscom.intervozes.org.br\/index.php?rest_route=%2Fwp%2Fv2%2Fmedia&parent=18850"}],"wp:term":[{"taxonomy":"category","embeddable":true,"href":"https:\/\/obscom.intervozes.org.br\/index.php?rest_route=%2Fwp%2Fv2%2Fcategories&post=18850"},{"taxonomy":"post_tag","embeddable":true,"href":"https:\/\/obscom.intervozes.org.br\/index.php?rest_route=%2Fwp%2Fv2%2Ftags&post=18850"}],"curies":[{"name":"wp","href":"https:\/\/api.w.org\/{rel}","templated":true}]}}