{"id":18844,"date":"2007-07-30T12:57:01","date_gmt":"2007-07-30T12:57:01","guid":{"rendered":"https:\/\/obscom.intervozes.org.br\/wordpress\/?p=18844"},"modified":"2007-07-30T12:57:01","modified_gmt":"2007-07-30T12:57:01","slug":"entidades-criticam-modelo-de-gestao-com-conselho-de-notaveis","status":"publish","type":"post","link":"https:\/\/obscom.intervozes.org.br\/?p=18844","title":{"rendered":"Entidades criticam modelo de gest\u00e3o com &#8216;conselho de not\u00e1veis&#8217;"},"content":{"rendered":"<p>Uma reuni&atilde;o entre representantes da sociedade civil e do governo debateu, na &uacute;ltima semana, dia 26, o desenho da futura TV p&uacute;blica. A principal discord&acirc;ncia &eacute; em rela&ccedil;&atilde;o ao Conselho Gestor. Para Celso Schr&ouml;der, coordenador-geral do F&oacute;rum Nacional pela Democratiza&ccedil;&atilde;o da Comunica&ccedil;&atilde;o (FNDC), o relato de Delcimar Pires, assessor de Franklin Martins, chefe da Secretaria de Comunica&ccedil;&atilde;o Social, aponta uma composi&ccedil;&atilde;o de um conselho de not&aacute;veis, quando se previa uma composi&ccedil;&atilde;o por entidades, como acontece no Conselho Nacional de Sa&uacute;de, por exemplo.<\/p>\n<p>Al&eacute;m do FNDC, as entidades presentes na reuni&atilde;o, Associa&ccedil;&atilde;o Mundial de R&aacute;dios Comunit&aacute;rias (Amarc-Brasil), Congresso Brasileiro de Cinema (CBC), Central &Uacute;nica dos Trabalhadores (CUT), Coletivo Brasil de Comunica&ccedil;&atilde;o Social (Intervozes) e Federa&ccedil;&atilde;o Interestadual dos Trabalhadores em Empresas de Radiodifus&atilde;o e Televis&atilde;o (Fitert), se mostraram contr&aacute;rias a esse tipo de representa&ccedil;&atilde;o. &ldquo;A id&eacute;ia de representa&ccedil;&atilde;o por indiv&iacute;duos &eacute; uma concep&ccedil;&atilde;o antiga, um tanto quanto elitista. Na tradi&ccedil;&atilde;o de conselhos j&aacute; existentes no Brasil, impera a id&eacute;ia de representa&ccedil;&atilde;o por entidades&rdquo;, argumenta Schr&ouml;der. &ldquo;Deixamos claro para a assessoria do ministro que n&atilde;o concordamos neste ponto e vamos reivindicar mudan&ccedil;as no crit&eacute;rio de representa&ccedil;&atilde;o at&eacute; o final&quot;.<\/p>\n<p>A constru&ccedil;&atilde;o de um espa&ccedil;o onde a sociedade civil possa participar efetivamente na constru&ccedil;&atilde;o da TV p&uacute;blica &eacute; outra reivindica&ccedil;&atilde;o do FNDC, acolhida com ressalvas no encontro. At&eacute; o momento, o que se v&ecirc; majoritariamente &eacute; a participa&ccedil;&atilde;o das corpora&ccedil;&otilde;es de radiodifus&atilde;o educativa, universit&aacute;ria e parlamentar. <\/p>\n<p>Ficou sinalizada uma pr&oacute;xima reuni&atilde;o com o governo, para a qual&nbsp;as entidades propuseram&nbsp;fazer uma avalia&ccedil;&atilde;o dos conselhos existentes e formatar mais apropriadamente um documento onde se desenhe o que deve ser um conselho gestor. Esse espa&ccedil;o foi reivindicado principalmente por Jo&atilde;o Brant, representante do Intervozes, que defendeu a reconstru&ccedil;&atilde;o do F&oacute;rum Permanente de TV P&uacute;blica.<\/p>\n<p><strong>Gest&atilde;o democr&aacute;tica<\/p>\n<p><\/strong>Para o coordenador do FNDC, entretanto, deve-se formular um documento mais detalhado sobre a gest&atilde;o ideal e avan&ccedil;ar em rela&ccedil;&atilde;o ao financiamento. H&aacute; uma tend&ecirc;ncia de se atribuir ao presidente da Rep&uacute;blica a escolha do presidente-executivo da TV, o que seria um equ&iacute;voco na vis&atilde;o do FNDC. A entidade defende radicalizar a id&eacute;ia de uma democracia participativa por conselhos&nbsp;com controle p&uacute;blico, como existe em outros locais, e que o presidente seja indicado pelo Conselho.<\/p>\n<p>&quot;Come&ccedil;a a ficar claro que precisamos de uma TV p&uacute;blica com um conselho gestor efetivamente representativo, isto &eacute;, formatado nos moldes de inst&acirc;ncias que n&oacute;s conhecemos, como a da Sa&uacute;de&rdquo;, ob serva Schr&ouml;der.&nbsp; &ldquo;A nosso ver, a indica&ccedil;&atilde;o do presidente do Conselho e membros da dire&ccedil;&atilde;o executiva &eacute; uma atribui&ccedil;&atilde;o do pr&oacute;prio Conselho&rdquo;, enfatiza o jornalista.<\/p>\n<p>Conforme a <a href=\"http:\/\/xemele.cultura.gov.br\/projetos\/forumnacional\/files\/cartadebrasilia.pdf\">Carta de Bras&iacute;lia<\/a>, documento final do F&oacute;rum de TVs P&uacute;blicas (leia <a href=\"http:\/\/www.fndc.org.br\/internas.php?p=noticias&amp;cont_key=155617\">mat&eacute;ria relacionada<\/a>), o Brasil precisa, no seu trilhar em busca da democracia com igualdade e justi&ccedil;a social, de TVs P&uacute;blicas independentes, democr&aacute;ticas e apartid&aacute;rias. Nesse sentido, quanto mais horizontal for a estrutura de gest&atilde;o dessa TV e menor for a interfer&ecirc;ncia do governo federal, menos risco se corre de ela tornar-se estatal.<\/p>\n<p>Para que a TV p&uacute;blica seja &aacute;gil e din&acirc;mica, &eacute; preciso que o conselho seja razoavelmente representativo da sociedade: nem enorme, nem um conselho ex&iacute;guo, porque ele n&atilde;o &eacute; um conselho executivo, mas um conselho pol&iacute;tico. V&aacute;rios conselhos t&ecirc;m em torno do 20 membros. Abaixo dele, uma dire&ccedil;&atilde;o executiva profissional que aja com autonomia em rela&ccedil;&atilde;o ao Conselho, que n&atilde;o deve atuar na programa&ccedil;&atilde;o, no cotidiano de uma televis&atilde;o. &ldquo;Isso deve ser feito pela dire&ccedil;&atilde;o executiva, que periodicamente se remeteria ao conselho, que incidiria sobre ela nas grandes quest&otilde;es, nas pol&iacute;ticas macros&rdquo;, sinaliza o coordenador do FNDC.<\/p>\n<p>Um conselho de programa&ccedil;&atilde;o faria a negocia&ccedil;&atilde;o entre as v&aacute;rias televis&otilde;es, as v&aacute;rias redes que formariam essa rede p&uacute;blica que, neste momento incipiente &eacute; apenas uma televis&atilde;o. Radiobras, TVE do Rio e outras TVs educativas tender&atilde;o a formar inicialmente essa televis&atilde;o. &ldquo;Isso depois deve se estender no formato de uma rede que transcende a id&eacute;ia de televis&atilde;o, uma rede p&uacute;blica e &uacute;nica que &eacute; outra reivindica&ccedil;&atilde;o da qual n&atilde;o abrimos m&atilde;o&rdquo;, conclui.<\/p>\n<p><img loading=\"lazy\" decoding=\"async\" src=\"images\/stories\/politica_publicacoes\/c_invertido_pq.png\" alt=\"Active Image\" width=\"15\" height=\"15\" \/>&nbsp;publica&ccedil;&atilde;o autorizada, desde que citada a fonte (Reda&ccedil;&atilde;o FNDC).<\/p>\n","protected":false},"excerpt":{"rendered":"<p>Reuni\u00e3o realizada na \u00faltima semana entre representantes da sociedade civil e do governo debateu o desenho da futura TV p\u00fablica. A principal discord\u00e2ncia \u00e9 em rela\u00e7\u00e3o ao Conselho Gestor, que o governo pretende compor a partir da indica\u00e7\u00e3o de &#8220;personalidades not\u00e1veis&#8221;.<\/p>\n","protected":false},"author":1,"featured_media":0,"comment_status":"open","ping_status":"open","sticky":false,"template":"","format":"standard","meta":{"footnotes":""},"categories":[40],"tags":[259],"_links":{"self":[{"href":"https:\/\/obscom.intervozes.org.br\/index.php?rest_route=\/wp\/v2\/posts\/18844"}],"collection":[{"href":"https:\/\/obscom.intervozes.org.br\/index.php?rest_route=\/wp\/v2\/posts"}],"about":[{"href":"https:\/\/obscom.intervozes.org.br\/index.php?rest_route=\/wp\/v2\/types\/post"}],"author":[{"embeddable":true,"href":"https:\/\/obscom.intervozes.org.br\/index.php?rest_route=\/wp\/v2\/users\/1"}],"replies":[{"embeddable":true,"href":"https:\/\/obscom.intervozes.org.br\/index.php?rest_route=%2Fwp%2Fv2%2Fcomments&post=18844"}],"version-history":[{"count":0,"href":"https:\/\/obscom.intervozes.org.br\/index.php?rest_route=\/wp\/v2\/posts\/18844\/revisions"}],"wp:attachment":[{"href":"https:\/\/obscom.intervozes.org.br\/index.php?rest_route=%2Fwp%2Fv2%2Fmedia&parent=18844"}],"wp:term":[{"taxonomy":"category","embeddable":true,"href":"https:\/\/obscom.intervozes.org.br\/index.php?rest_route=%2Fwp%2Fv2%2Fcategories&post=18844"},{"taxonomy":"post_tag","embeddable":true,"href":"https:\/\/obscom.intervozes.org.br\/index.php?rest_route=%2Fwp%2Fv2%2Ftags&post=18844"}],"curies":[{"name":"wp","href":"https:\/\/api.w.org\/{rel}","templated":true}]}}