{"id":18841,"date":"2007-07-27T11:54:20","date_gmt":"2007-07-27T11:54:20","guid":{"rendered":"https:\/\/obscom.intervozes.org.br\/wordpress\/?p=18841"},"modified":"2007-07-27T11:54:20","modified_gmt":"2007-07-27T11:54:20","slug":"inclusao-digital-tem-licitacoes-milionarias","status":"publish","type":"post","link":"https:\/\/obscom.intervozes.org.br\/?p=18841","title":{"rendered":"Inclus\u00e3o digital tem licita\u00e7\u00f5es milion\u00e1rias"},"content":{"rendered":"<p>O Minist&eacute;rio das Comunica&ccedil;&otilde;es (Minicom) trabalha nos &uacute;ltimos detalhes de seu projeto para instalar unidades de acesso p&uacute;blico &agrave; internet nos 5.664 munic&iacute;pios do pa&iacute;s. Entre os dias 8 e 10 de agosto, o Minicom realiza um preg&atilde;o eletr&ocirc;nico para definir os fornecedores dos milhares de kits de inform&aacute;tica que ser&atilde;o usados na montagem dos chamados &#39;telecentros&#39;, locais onde a popula&ccedil;&atilde;o pode navegar na web e usar computadores gratuitamente. <\/p>\n<p>O projeto n&atilde;o &eacute; nada modesto. A proposta do Minicom &eacute; entregar para cada munic&iacute;pio um &#39;kit telecentro&#39;, pacote composto de dez computadores de mesa, um servidor, uma impressora laser, um equipamento de data show, uma TV de 29 polegadas, um aparelho de DVD e uma c&acirc;mera de v&iacute;deo para monitorar o local, al&eacute;m dos m&oacute;veis onde ser&aacute; instalada a parafern&aacute;lia. Isso significa que, apenas no que se refere a PCs, o governo federal ir&aacute; comprar mais de 55 mil computadores. <\/p>\n<p>No mercado, os fornecedores de equipamentos aguardam ansiosos a realiza&ccedil;&atilde;o do preg&atilde;o. N&atilde;o por acaso. Em janeiro passado, o Minicom chegou a realizar uma licita&ccedil;&atilde;o para escolher os fornecedores desse projeto. Na ocasi&atilde;o, a Diebold Procompvenceua concorr&ecirc;ncia, cujo valor atingia R$ 109,8 milh&otilde;es para fornecimento dos computadores, servidores, impressoras, roteadores e estabilizadores. A Philco, que hoje pertence &agrave; Gradiente, venceu a disputa dos televisores, enquanto a Metrocomm instalaria os projetores multim&iacute;dia e os aparelhos de DVD. <\/p>\n<p>Uma s&eacute;rie de percal&ccedil;os, por&eacute;m, atrapalhou o processo. A Diebold acabou perdendo o contrato por n&atilde;o atender certas especifica&ccedil;&otilde;es t&eacute;cnicas. Procurada ontem, a companhia n&atilde;o retornou, at&eacute; o fechamento desta edi&ccedil;&atilde;o, ao pedido de entrevista feito pelo Valor. O Minicom, por outro lado, reconhece que a sua licita&ccedil;&atilde;o tinha &#39;determinadas falhas&#39;, diz Heliomar Medeiros de Lima, diretor do departamento de inclus&atilde;o digital do Minist&eacute;rio. &#39;N&atilde;o havia qualquer problema de lisura, apenas lapsos administrativos.&#39; <\/p>\n<p>O imbr&oacute;glio culminou no cancelamento geral do edital. No m&ecirc;s passado, o Minicom realizou uma audi&ecirc;ncia p&uacute;blica com os potenciais fornecedores para discutir detalhes do novo preg&atilde;o. A expectativa &eacute; que o contrato ultrapasse facilmente os R$ 100 milh&otilde;es. <\/p>\n<p>Renovado, o projeto agora tem data para come&ccedil;ar e terminar, diz o coordenador geral de acompanhamento de projetos especiais do Minist&eacute;rio das Comunica&ccedil;&otilde;es, Carlos Paiva. &#39;A contrata&ccedil;&atilde;o dos fornecedores dever&aacute; ocorrer ainda em agosto. A conclus&atilde;o est&aacute; marcada para fevereiro do ano que vem.&#39; <\/p>\n<p>No ano passado, o governo federal come&ccedil;ou a receber o cadastro dos munic&iacute;pios interessados no kit telecentro. Como a primeira licita&ccedil;&atilde;o foi cancelada, o prazo de cadastramento foi estendido para este ano. At&eacute; agora 4.035 cidades j&aacute; se cadastraram, segundo o Minicom. &#39;Mas ainda &eacute; poss&iacute;vel fazer se registrar&#39;, diz Paiva. Para receber o pacote de inform&aacute;tica, cada prefeitura precisa indicar um local de acesso f&aacute;cil e livre &agrave; popula&ccedil;&atilde;o, com medida m&iacute;nima de 48 metros quadrados. O projeto estabelece que a infra-estrutura inclua oferta de &aacute;gua pot&aacute;vel, ilumina&ccedil;&atilde;o, sanit&aacute;rios e adapta&ccedil;&otilde;es para portadores de necessidades especiais. <\/p>\n<p>A aquisi&ccedil;&atilde;o dos equipamentos de inform&aacute;tica se desdobrar&aacute; em uma segunda licita&ccedil;&atilde;o de porte ainda maior: a contrata&ccedil;&atilde;o de servi&ccedil;os de comunica&ccedil;&atilde;o via sat&eacute;lite ou terrestre, que ser&atilde;o usados para prover acesso &agrave; internet banda larga em pequenas cidades do pa&iacute;s. &#39;Os equipamentos chegar&atilde;o a todos os munic&iacute;pios, sem distin&ccedil;&atilde;o. Mas aqueles que ainda n&atilde;o t&ecirc;m acesso a cabo, tamb&eacute;m receber&atilde;o os sistemas de transmiss&atilde;o via sat&eacute;lite&#39;, comenta Paiva. O preg&atilde;o eletr&ocirc;nico para contrata&ccedil;&atilde;o dos servi&ccedil;os de conex&atilde;o em alta velocidade dever&aacute; ocorrer em setembro. A expectativa &eacute; que o contrato para presta&ccedil;&atilde;o dos servi&ccedil;os atinja cerca de R$ 200 milh&otilde;es por ano. <\/p>\n<p>Atualmente o Minicom j&aacute; utiliza os servi&ccedil;os de conex&atilde;o via sat&eacute;lite prestados pela British Telecom, rede que interliga 3,4 mil pontos de presen&ccedil;a espalhados em escolas, postos de sa&uacute;de edemais &oacute;rg&atilde;os p&uacute;blicos. O novo contrato foi preparado para atender 20 mil pontos de conex&atilde;o banda larga. &#39;O importante &eacute; que o Minist&eacute;rio [das Comunica&ccedil;&otilde;es] j&aacute; tem recursos reservados para o projeto. Estamos falando de coisas concretas, com prazos para serem cumpridos&#39;, afirma o coordenador de projetos do Minicom. <\/p>\n<p>Uma segunda rodada de telecentros est&aacute; prevista para o ano que vem, quando o governo federal pretende cruzar dados de densidade demogr&aacute;fica e exclus&atilde;o digital para estabelecer onde novos telecentros ser&atilde;o instalados. <\/p>\n<p>Uma pesquisa realizada pelo Minicom apontou que, atualmente, 3,3 mil cidades do pa&iacute;s tem ao menos um telecentro dispon&iacute;vel para a popula&ccedil;&atilde;o. At&eacute; fevereiro, diz Heliomar Medeiros de Lima, do Minicom, o pa&iacute;s contar&aacute; com cerca de 9 mil unidades de acesso p&uacute;blico a computadores. A meta &eacute; ampliar esse n&uacute;mero para 20 mil pontos at&eacute; o fim de 2008. <\/p>\n<p><img loading=\"lazy\" decoding=\"async\" src=\"images\/stories\/politica_publicacoes\/c_normal_pq.png\" alt=\"Active Image\" width=\"15\" height=\"15\" \/>&nbsp;Copyright Valor Econ&ocirc;mico<\/p>\n","protected":false},"excerpt":{"rendered":"<p>O Minist&eacute;rio das Comunica&ccedil;&otilde;es (Minicom) trabalha nos &uacute;ltimos detalhes de seu projeto para instalar unidades de acesso p&uacute;blico &agrave; internet nos 5.664 munic&iacute;pios do pa&iacute;s. Entre os dias 8 e 10 de agosto, o Minicom realiza um preg&atilde;o eletr&ocirc;nico para definir os fornecedores dos milhares de kits de inform&aacute;tica que ser&atilde;o usados na montagem dos &hellip; <a href=\"https:\/\/obscom.intervozes.org.br\/?p=18841\" class=\"more-link\">Continue lendo <span class=\"screen-reader-text\">Inclus\u00e3o digital tem licita\u00e7\u00f5es milion\u00e1rias<\/span> <span class=\"meta-nav\">&rarr;<\/span><\/a><\/p>\n","protected":false},"author":1,"featured_media":0,"comment_status":"open","ping_status":"open","sticky":false,"template":"","format":"standard","meta":{"footnotes":""},"categories":[40],"tags":[88],"_links":{"self":[{"href":"https:\/\/obscom.intervozes.org.br\/index.php?rest_route=\/wp\/v2\/posts\/18841"}],"collection":[{"href":"https:\/\/obscom.intervozes.org.br\/index.php?rest_route=\/wp\/v2\/posts"}],"about":[{"href":"https:\/\/obscom.intervozes.org.br\/index.php?rest_route=\/wp\/v2\/types\/post"}],"author":[{"embeddable":true,"href":"https:\/\/obscom.intervozes.org.br\/index.php?rest_route=\/wp\/v2\/users\/1"}],"replies":[{"embeddable":true,"href":"https:\/\/obscom.intervozes.org.br\/index.php?rest_route=%2Fwp%2Fv2%2Fcomments&post=18841"}],"version-history":[{"count":0,"href":"https:\/\/obscom.intervozes.org.br\/index.php?rest_route=\/wp\/v2\/posts\/18841\/revisions"}],"wp:attachment":[{"href":"https:\/\/obscom.intervozes.org.br\/index.php?rest_route=%2Fwp%2Fv2%2Fmedia&parent=18841"}],"wp:term":[{"taxonomy":"category","embeddable":true,"href":"https:\/\/obscom.intervozes.org.br\/index.php?rest_route=%2Fwp%2Fv2%2Fcategories&post=18841"},{"taxonomy":"post_tag","embeddable":true,"href":"https:\/\/obscom.intervozes.org.br\/index.php?rest_route=%2Fwp%2Fv2%2Ftags&post=18841"}],"curies":[{"name":"wp","href":"https:\/\/api.w.org\/{rel}","templated":true}]}}