{"id":18840,"date":"2007-07-27T11:42:49","date_gmt":"2007-07-27T11:42:49","guid":{"rendered":"https:\/\/obscom.intervozes.org.br\/wordpress\/?p=18840"},"modified":"2007-07-27T11:42:49","modified_gmt":"2007-07-27T11:42:49","slug":"teles-fixas-e-aparelhos-telefonicos-lideram-ranking-de-reclamacoes","status":"publish","type":"post","link":"https:\/\/obscom.intervozes.org.br\/?p=18840","title":{"rendered":"Teles fixas e aparelhos telef\u00f4nicos lideram ranking de reclama\u00e7\u00f5es"},"content":{"rendered":"<p>A telefonia fixa liderou o ranking de reclama&ccedil;&otilde;es do Procon-SP no primeiro semestre, respondendo por 21,6% do total das queixas. Balan&ccedil;o divulgado nesta quinta-feira, 26, mostra que o segundo assunto que mais gerou queixas foram os aparelhos de telefone. A telefonia celular aparece em quinta posi&ccedil;&atilde;o na lista. <\/p>\n<p>No primeiro semestre de 2007, o Procon-SP recebeu 15.994 reclama&ccedil;&otilde;es, com crescimento de 28,32% em rela&ccedil;&atilde;o ao mesmo per&iacute;odo do ano passado. Do total, 3.437 registros referiam-se a problemas com a telefonia fixa, enquanto os aparelhos de telefone geraram 1.758 reclama&ccedil;&otilde;es, ou 10,9% do total. O &oacute;rg&atilde;o n&atilde;o distingue celulares de outros modelos de aparelhos. A telefonia celular ficou com 735 reclama&ccedil;&otilde;es no consolidado dos primeiros seis meses do ano.<\/p>\n<p>O levantamento &eacute; feito com base em todas as reclama&ccedil;&otilde;es abertas no &oacute;rg&atilde;o, independente de sua condi&ccedil;&atilde;o (em andamento, atendida, n&atilde;o atendida ou encerrada), informa o Procon. Os dados s&atilde;o diferentes dos utilizados para o cadastro de reclama&ccedil;&otilde;es fundamentadas, a chamada lista negra do Procon, divulgado sempre no dia 15 de mar&ccedil;o, em que s&atilde;o computados apenas os processos que foram conclu&iacute;dos no ano em quest&atilde;o e que se enquadram como fundamentadas (atendidas ou n&atilde;o atendidas) de acordo com o C&oacute;digo de Defesa do Consumidor. <\/p>\n<p><img loading=\"lazy\" decoding=\"async\" src=\"images\/stories\/politica_publicacoes\/c_normal_pq.png\" alt=\"Active Image\" width=\"15\" height=\"15\" \/><\/p>\n","protected":false},"excerpt":{"rendered":"<p>A telefonia fixa liderou o ranking de reclama&ccedil;&otilde;es do Procon-SP no primeiro semestre, respondendo por 21,6% do total das queixas. Balan&ccedil;o divulgado nesta quinta-feira, 26, mostra que o segundo assunto que mais gerou queixas foram os aparelhos de telefone. A telefonia celular aparece em quinta posi&ccedil;&atilde;o na lista. No primeiro semestre de 2007, o Procon-SP &hellip; <a href=\"https:\/\/obscom.intervozes.org.br\/?p=18840\" class=\"more-link\">Continue lendo <span class=\"screen-reader-text\">Teles fixas e aparelhos telef\u00f4nicos lideram ranking de reclama\u00e7\u00f5es<\/span> <span class=\"meta-nav\">&rarr;<\/span><\/a><\/p>\n","protected":false},"author":1,"featured_media":0,"comment_status":"open","ping_status":"open","sticky":false,"template":"","format":"standard","meta":{"footnotes":""},"categories":[40],"tags":[346],"_links":{"self":[{"href":"https:\/\/obscom.intervozes.org.br\/index.php?rest_route=\/wp\/v2\/posts\/18840"}],"collection":[{"href":"https:\/\/obscom.intervozes.org.br\/index.php?rest_route=\/wp\/v2\/posts"}],"about":[{"href":"https:\/\/obscom.intervozes.org.br\/index.php?rest_route=\/wp\/v2\/types\/post"}],"author":[{"embeddable":true,"href":"https:\/\/obscom.intervozes.org.br\/index.php?rest_route=\/wp\/v2\/users\/1"}],"replies":[{"embeddable":true,"href":"https:\/\/obscom.intervozes.org.br\/index.php?rest_route=%2Fwp%2Fv2%2Fcomments&post=18840"}],"version-history":[{"count":0,"href":"https:\/\/obscom.intervozes.org.br\/index.php?rest_route=\/wp\/v2\/posts\/18840\/revisions"}],"wp:attachment":[{"href":"https:\/\/obscom.intervozes.org.br\/index.php?rest_route=%2Fwp%2Fv2%2Fmedia&parent=18840"}],"wp:term":[{"taxonomy":"category","embeddable":true,"href":"https:\/\/obscom.intervozes.org.br\/index.php?rest_route=%2Fwp%2Fv2%2Fcategories&post=18840"},{"taxonomy":"post_tag","embeddable":true,"href":"https:\/\/obscom.intervozes.org.br\/index.php?rest_route=%2Fwp%2Fv2%2Ftags&post=18840"}],"curies":[{"name":"wp","href":"https:\/\/api.w.org\/{rel}","templated":true}]}}