{"id":18838,"date":"2007-07-27T11:24:12","date_gmt":"2007-07-27T11:24:12","guid":{"rendered":"https:\/\/obscom.intervozes.org.br\/wordpress\/?p=18838"},"modified":"2007-07-27T11:24:12","modified_gmt":"2007-07-27T11:24:12","slug":"amarc-realiza-concurso-sobre-os-60-das-radios-comunitarias-na-america-latina","status":"publish","type":"post","link":"https:\/\/obscom.intervozes.org.br\/?p=18838","title":{"rendered":"Amarc realiza concurso sobre os 60 das r\u00e1dios comunit\u00e1rias na Am\u00e9rica Latina"},"content":{"rendered":"<p>A Associa&ccedil;&atilde;o Mundial de R&aacute;dios Comunit&aacute;rias da Am&eacute;rica Latina e Caribe (AMARC)&nbsp;est&aacute; promovendo&nbsp;o concurso de produ&ccedil;&otilde;es radiof&ocirc;nicas com a linha tem&aacute;tica &quot;As r&aacute;dios comunit&aacute;rias na Am&eacute;rica Latina e Caribe&quot;. Em agosto deste ano completam-se 60 anos da primeira transmiss&atilde;o de uma r&aacute;dio comunit&aacute;ria na Am&eacute;rica Latina, a R&aacute;dio Sutatenza, na Col&ocirc;mbia. <\/p>\n<p>D&uacute;vidas e informa&ccedil;&otilde;es sobre o calend&aacute;rio do concurso podem ser obtidas via Internet,&nbsp;pelo e-mail: &nbsp;<a href=\"mailto:amarc.alc@amarc.org\">amarc.alc@amarc.org<\/a><\/p>\n","protected":false},"excerpt":{"rendered":"<p>A Associa&ccedil;&atilde;o Mundial de R&aacute;dios Comunit&aacute;rias da Am&eacute;rica Latina e Caribe (AMARC)&nbsp;est&aacute; promovendo&nbsp;o concurso de produ&ccedil;&otilde;es radiof&ocirc;nicas com a linha tem&aacute;tica &quot;As r&aacute;dios comunit&aacute;rias na Am&eacute;rica Latina e Caribe&quot;. Em agosto deste ano completam-se 60 anos da primeira transmiss&atilde;o de uma r&aacute;dio comunit&aacute;ria na Am&eacute;rica Latina, a R&aacute;dio Sutatenza, na Col&ocirc;mbia. D&uacute;vidas e informa&ccedil;&otilde;es sobre &hellip; <a href=\"https:\/\/obscom.intervozes.org.br\/?p=18838\" class=\"more-link\">Continue lendo <span class=\"screen-reader-text\">Amarc realiza concurso sobre os 60 das r\u00e1dios comunit\u00e1rias na Am\u00e9rica Latina<\/span> <span class=\"meta-nav\">&rarr;<\/span><\/a><\/p>\n","protected":false},"author":1,"featured_media":0,"comment_status":"open","ping_status":"open","sticky":false,"template":"","format":"standard","meta":{"footnotes":""},"categories":[39],"tags":[],"_links":{"self":[{"href":"https:\/\/obscom.intervozes.org.br\/index.php?rest_route=\/wp\/v2\/posts\/18838"}],"collection":[{"href":"https:\/\/obscom.intervozes.org.br\/index.php?rest_route=\/wp\/v2\/posts"}],"about":[{"href":"https:\/\/obscom.intervozes.org.br\/index.php?rest_route=\/wp\/v2\/types\/post"}],"author":[{"embeddable":true,"href":"https:\/\/obscom.intervozes.org.br\/index.php?rest_route=\/wp\/v2\/users\/1"}],"replies":[{"embeddable":true,"href":"https:\/\/obscom.intervozes.org.br\/index.php?rest_route=%2Fwp%2Fv2%2Fcomments&post=18838"}],"version-history":[{"count":0,"href":"https:\/\/obscom.intervozes.org.br\/index.php?rest_route=\/wp\/v2\/posts\/18838\/revisions"}],"wp:attachment":[{"href":"https:\/\/obscom.intervozes.org.br\/index.php?rest_route=%2Fwp%2Fv2%2Fmedia&parent=18838"}],"wp:term":[{"taxonomy":"category","embeddable":true,"href":"https:\/\/obscom.intervozes.org.br\/index.php?rest_route=%2Fwp%2Fv2%2Fcategories&post=18838"},{"taxonomy":"post_tag","embeddable":true,"href":"https:\/\/obscom.intervozes.org.br\/index.php?rest_route=%2Fwp%2Fv2%2Ftags&post=18838"}],"curies":[{"name":"wp","href":"https:\/\/api.w.org\/{rel}","templated":true}]}}