{"id":18836,"date":"2007-07-27T11:10:27","date_gmt":"2007-07-27T11:10:27","guid":{"rendered":"https:\/\/obscom.intervozes.org.br\/wordpress\/?p=18836"},"modified":"2007-07-27T11:10:27","modified_gmt":"2007-07-27T11:10:27","slug":"anatel-diz-que-mudara-designacao-dos-canais-de-60-a-69-uhf","status":"publish","type":"post","link":"https:\/\/obscom.intervozes.org.br\/?p=18836","title":{"rendered":"Anatel diz que mudar\u00e1 designa\u00e7\u00e3o dos canais de 60 a 69 UHF"},"content":{"rendered":"<p>A Anatel tem um grande desafio pela frente para conseguir encaixar todos os canais de TV digital nos espectros congestionados das diferentes cidades. Nos pr&oacute;ximos tr&ecirc;s meses, os t&eacute;cnicos da ag&ecirc;ncia ir&atilde;o se dedicar &agrave; cria&ccedil;&atilde;o de um modelo de distribui&ccedil;&atilde;o de canais que n&atilde;o comprometa a entrega futura de freq&uuml;&ecirc;ncias, sobretudo nas grandes cidades, onde os espa&ccedil;os para manobra s&atilde;o limitad&iacute;ssimos. Para evitar problemas, a Anatel pensa, desde j&aacute;, em alterar a designa&ccedil;&atilde;o dos canais 60 a 69, atualmente usados pelas repetidoras de sinais de televis&atilde;o aberta. Hoje essas repetidoras usam a faixa em car&aacute;ter prim&aacute;rio. A reguladora ir&aacute; manter o servi&ccedil;o, mas apenas em car&aacute;ter secund&aacute;rio, para abrir espa&ccedil;o para a transmiss&atilde;o digital. <\/p>\n<p>A mudan&ccedil;a deve ser encaminhada pela &aacute;rea t&eacute;cnica ao conselho da Anatel apenas em meados de outubro, junto com as demais mudan&ccedil;as que est&atilde;o sendo tra&ccedil;adas para a remoldagem do espectro visando comportar os novos canais digitais. A preocupa&ccedil;&atilde;o maior &eacute; garantir que n&atilde;o faltem canais no futuro por conta da alta concentra&ccedil;&atilde;o demogr&aacute;fica em algumas regi&otilde;es. Locais como a capital paulistana tem se mostrado um desafio para a reguladora pelo potencial de interfer&ecirc;ncia entre as emissoras. Essas interfer&ecirc;ncias podem limitar o uso do espectro, prejudicando a distribui&ccedil;&atilde;o dos canais. E ser&aacute; muito dif&iacute;cil abrir espa&ccedil;o para novos players.<\/p>\n<p>Al&eacute;m de S&atilde;o Paulo, outras duas cidades importantes j&aacute; est&atilde;o com seus planos de distribui&ccedil;&atilde;o de espectro desenhados. S&atilde;o elas Rio de Janeiro e Bras&iacute;lia. No entanto, a Anatel n&atilde;o deve divulgar t&atilde;o cedo esses planos, por conta da an&aacute;lise detalhada que est&aacute; sendo feita para a regi&atilde;o de S&atilde;o Paulo. Como a &aacute;rea paulistana &eacute; a mais complexa nas quest&otilde;es de interfer&ecirc;ncia, ela ser&aacute; usada como par&acirc;metro de adapta&ccedil;&atilde;o das demais cidades quando o estudo for conclu&iacute;do. <\/p>\n<p>Outra dificuldade &eacute; a necessidade de que existam canais digitais e anal&oacute;gicos em funcionamento simult&acirc;neo durante todo o per&iacute;odo de transi&ccedil;&atilde;o para o novo sistema de transmiss&atilde;o de TV, que durar&aacute; 10 anos. A limpeza dos canais 60 a 69 n&atilde;o ser&aacute; suficiente para solucionar esse impasse e, por isso, a quest&atilde;o est&aacute; sendo discutida com o Minicom. Por enquanto, apenas no canal 69 h&aacute; perspectivas de caber ambos os sinais, anal&oacute;gico e digital. <\/p>\n<p>Com rela&ccedil;&atilde;o &agrave;s opera&ccedil;&otilde;es das repetidoras e retransmissoras de TV que atualmente usam esses canais, a expectativa &eacute; de que, ao longo do processo de transi&ccedil;&atilde;o, esse servi&ccedil;o ser&aacute; naturalmente transferido para os sat&eacute;lites. Hoje, as grandes empresas do setor j&aacute; utilizam capacidades dos sat&eacute;lites em opera&ccedil;&atilde;o para repetir os seus sinais para suas afiliadas. <\/p>\n<p><img loading=\"lazy\" decoding=\"async\" src=\"images\/stories\/politica_publicacoes\/c_normal_pq.png\" alt=\"Active Image\" width=\"15\" height=\"15\" \/>&nbsp;publica&ccedil;&atilde;o autorizada.<\/p>\n","protected":false},"excerpt":{"rendered":"<p>A Anatel tem um grande desafio pela frente para conseguir encaixar todos os canais de TV digital nos espectros congestionados das diferentes cidades. Nos pr&oacute;ximos tr&ecirc;s meses, os t&eacute;cnicos da ag&ecirc;ncia ir&atilde;o se dedicar &agrave; cria&ccedil;&atilde;o de um modelo de distribui&ccedil;&atilde;o de canais que n&atilde;o comprometa a entrega futura de freq&uuml;&ecirc;ncias, sobretudo nas grandes cidades, &hellip; <a href=\"https:\/\/obscom.intervozes.org.br\/?p=18836\" class=\"more-link\">Continue lendo <span class=\"screen-reader-text\">Anatel diz que mudar\u00e1 designa\u00e7\u00e3o dos canais de 60 a 69 UHF<\/span> <span class=\"meta-nav\">&rarr;<\/span><\/a><\/p>\n","protected":false},"author":1,"featured_media":0,"comment_status":"open","ping_status":"open","sticky":false,"template":"","format":"standard","meta":{"footnotes":""},"categories":[40],"tags":[79],"_links":{"self":[{"href":"https:\/\/obscom.intervozes.org.br\/index.php?rest_route=\/wp\/v2\/posts\/18836"}],"collection":[{"href":"https:\/\/obscom.intervozes.org.br\/index.php?rest_route=\/wp\/v2\/posts"}],"about":[{"href":"https:\/\/obscom.intervozes.org.br\/index.php?rest_route=\/wp\/v2\/types\/post"}],"author":[{"embeddable":true,"href":"https:\/\/obscom.intervozes.org.br\/index.php?rest_route=\/wp\/v2\/users\/1"}],"replies":[{"embeddable":true,"href":"https:\/\/obscom.intervozes.org.br\/index.php?rest_route=%2Fwp%2Fv2%2Fcomments&post=18836"}],"version-history":[{"count":0,"href":"https:\/\/obscom.intervozes.org.br\/index.php?rest_route=\/wp\/v2\/posts\/18836\/revisions"}],"wp:attachment":[{"href":"https:\/\/obscom.intervozes.org.br\/index.php?rest_route=%2Fwp%2Fv2%2Fmedia&parent=18836"}],"wp:term":[{"taxonomy":"category","embeddable":true,"href":"https:\/\/obscom.intervozes.org.br\/index.php?rest_route=%2Fwp%2Fv2%2Fcategories&post=18836"},{"taxonomy":"post_tag","embeddable":true,"href":"https:\/\/obscom.intervozes.org.br\/index.php?rest_route=%2Fwp%2Fv2%2Ftags&post=18836"}],"curies":[{"name":"wp","href":"https:\/\/api.w.org\/{rel}","templated":true}]}}