{"id":18833,"date":"2007-07-26T14:47:45","date_gmt":"2007-07-26T14:47:45","guid":{"rendered":"https:\/\/obscom.intervozes.org.br\/wordpress\/?p=18833"},"modified":"2007-07-26T14:47:45","modified_gmt":"2007-07-26T14:47:45","slug":"indice-da-inflacao-de-telecom-em-junho-fica-em-023","status":"publish","type":"post","link":"https:\/\/obscom.intervozes.org.br\/?p=18833","title":{"rendered":"\u00cdndice da infla\u00e7\u00e3o de telecom em junho fica em 0,23%"},"content":{"rendered":"<p>A varia&ccedil;&atilde;o do &Iacute;ndice de Servi&ccedil;os de Telecomunica&ccedil;&otilde;es (IST) do m&ecirc;s de junho ficou em 0,23%. No acumulado deste ano j&aacute; soma 1,3%. O dado foi divulgado hoje, pela Anatel. Criado para calcular o reajuste das tarifas de telefonia, o &iacute;ndice foi desenvolvido em conjunto pela Ag&ecirc;ncia e pelo IBGE para substitutir o IGP-DI. <\/p>\n<p>As informa&ccedil;&otilde;es s&atilde;o da TeleS&iacute;ntese.<\/p>\n","protected":false},"excerpt":{"rendered":"<p>A varia&ccedil;&atilde;o do &Iacute;ndice de Servi&ccedil;os de Telecomunica&ccedil;&otilde;es (IST) do m&ecirc;s de junho ficou em 0,23%. No acumulado deste ano j&aacute; soma 1,3%. O dado foi divulgado hoje, pela Anatel. Criado para calcular o reajuste das tarifas de telefonia, o &iacute;ndice foi desenvolvido em conjunto pela Ag&ecirc;ncia e pelo IBGE para substitutir o IGP-DI. As &hellip; <a href=\"https:\/\/obscom.intervozes.org.br\/?p=18833\" class=\"more-link\">Continue lendo <span class=\"screen-reader-text\">\u00cdndice da infla\u00e7\u00e3o de telecom em junho fica em 0,23%<\/span> <span class=\"meta-nav\">&rarr;<\/span><\/a><\/p>\n","protected":false},"author":1,"featured_media":0,"comment_status":"open","ping_status":"open","sticky":false,"template":"","format":"standard","meta":{"footnotes":""},"categories":[39],"tags":[],"_links":{"self":[{"href":"https:\/\/obscom.intervozes.org.br\/index.php?rest_route=\/wp\/v2\/posts\/18833"}],"collection":[{"href":"https:\/\/obscom.intervozes.org.br\/index.php?rest_route=\/wp\/v2\/posts"}],"about":[{"href":"https:\/\/obscom.intervozes.org.br\/index.php?rest_route=\/wp\/v2\/types\/post"}],"author":[{"embeddable":true,"href":"https:\/\/obscom.intervozes.org.br\/index.php?rest_route=\/wp\/v2\/users\/1"}],"replies":[{"embeddable":true,"href":"https:\/\/obscom.intervozes.org.br\/index.php?rest_route=%2Fwp%2Fv2%2Fcomments&post=18833"}],"version-history":[{"count":0,"href":"https:\/\/obscom.intervozes.org.br\/index.php?rest_route=\/wp\/v2\/posts\/18833\/revisions"}],"wp:attachment":[{"href":"https:\/\/obscom.intervozes.org.br\/index.php?rest_route=%2Fwp%2Fv2%2Fmedia&parent=18833"}],"wp:term":[{"taxonomy":"category","embeddable":true,"href":"https:\/\/obscom.intervozes.org.br\/index.php?rest_route=%2Fwp%2Fv2%2Fcategories&post=18833"},{"taxonomy":"post_tag","embeddable":true,"href":"https:\/\/obscom.intervozes.org.br\/index.php?rest_route=%2Fwp%2Fv2%2Ftags&post=18833"}],"curies":[{"name":"wp","href":"https:\/\/api.w.org\/{rel}","templated":true}]}}