{"id":18830,"date":"2007-07-26T14:26:30","date_gmt":"2007-07-26T14:26:30","guid":{"rendered":"https:\/\/obscom.intervozes.org.br\/wordpress\/?p=18830"},"modified":"2007-07-26T14:26:30","modified_gmt":"2007-07-26T14:26:30","slug":"conferencia-preparatoria-idealizada-por-helio-costa-e-adiada","status":"publish","type":"post","link":"https:\/\/obscom.intervozes.org.br\/?p=18830","title":{"rendered":"&#8216;Confer\u00eancia Preparat\u00f3ria&#8217; idealizada por H\u00e9lio Costa \u00e9 adiada"},"content":{"rendered":"<p><span>Marcada para meados de agosto, a Confer&ecirc;ncia Nacional Preparat&oacute;ria de Comunica&ccedil;&otilde;es foi adiada, ainda sem previs&atilde;o de nova data. De acordo com os organizadores &ndash; o Minist&eacute;rio das Comunica&ccedil;&otilde;es; a Comiss&atilde;o de Ci&ecirc;ncia e Tecnologia, Comunica&ccedil;&atilde;o e Inform&aacute;tica da C&acirc;mara; a Comiss&atilde;o de Ci&ecirc;ncia e Tecnologia, Comunica&ccedil;&atilde;o, Inova&ccedil;&atilde;o e Inform&aacute;tica do Senado e a Anatel &ndash;, h&aacute; problemas de &ldquo;agenda e log&iacute;stica&rdquo; para realizar o evento entre os dias 14 e 16 agosto, como previsto anteriormente.<\/p>\n<p><\/span><span>Dessa forma, mais uma inc&oacute;gnita se soma &agrave;s que j&aacute; rondavam o evento, cujo nome j&aacute; foi &ldquo;confer&ecirc;ncia&rdquo;, &ldquo;congresso&rdquo;, &ldquo;semin&aacute;rio internacional&rdquo; e, finalmente, &ldquo;confer&ecirc;ncia preparat&oacute;ria&rdquo;. A principal delas e que preocupa as entidades participantes da Comiss&atilde;o Pr&oacute;-Confer&ecirc;ncia Nacional das Comunica&ccedil;&otilde;es diz respeito ao car&aacute;ter deste encontro de agosto.<\/p>\n<p><\/span><span>De acordo com o deputado federal Luiz Couto (PT-PB), membro da Comiss&atilde;o de Direitos Humanos e Minorias da C&acirc;mara e um dos articuladores pr&oacute;-Confer&ecirc;ncia dentro do Congresso, a resposta recebida de um dos colegas parlamentares envolvidos na realiza&ccedil;&atilde;o do evento de agosto foi a de que este &ldquo;vai definir o marco regulat&oacute;rio das comunica&ccedil;&otilde;es&rdquo;. &ldquo;Quem &eacute; que deve definir o marco regulat&oacute;rio: entidades estrangeiras presentes em um encontro internacional ou a sociedade brasileira em uma confer&ecirc;ncia ampla e democr&aacute;tica?&rdquo;, questiona Couto.<\/p>\n<p><\/span><span>Br&aacute;ulio Ribeiro, do Intervozes, ressalta, ainda, que n&atilde;o est&aacute; clara a rela&ccedil;&atilde;o entre o evento e a entrada do Executivo federal no processo de constru&ccedil;&atilde;o de uma confer&ecirc;ncia ampla, constru&iacute;da nos moldes das demais j&aacute; realizadas em outras &aacute;reas. &ldquo;H&aacute; uma leitura dentro da comiss&atilde;o pr&oacute;-confer&ecirc;ncia de que o objetivo do Minist&eacute;rio das Comunica&ccedil;&otilde;es foi sufocar o movimento que vem das comiss&otilde;es da C&acirc;mara pela realiza&ccedil;&atilde;o de uma confer&ecirc;ncia ampla&rdquo;, explica.<\/p>\n<p><\/span><span>Corrobora a vis&atilde;o da comiss&atilde;o que agrega parlamentares e entidades da sociedade civil o fato de que em nenhuma das manifesta&ccedil;&otilde;es dos organizadores h&aacute; men&ccedil;&otilde;es de que a &ldquo;confer&ecirc;ncia preparat&oacute;ria&rdquo;, agora adiada, se constitua um passo na dire&ccedil;&atilde;o da constru&ccedil;&atilde;o da Confer&ecirc;ncia Nacional das Comunica&ccedil;&otilde;es.<\/p>\n<p><\/span><span>O Minist&eacute;rio das Comunica&ccedil;&otilde;es, que fez o primeiro an&uacute;ncio do evento, chamando-o &agrave; &eacute;poca de &ldquo;Confer&ecirc;ncia Nacional&rdquo;, respondeu atrav&eacute;s de sua Assessoria de Imprensa que &ldquo;j&aacute; foram ouvidos todos os setores da sociedade envolvidos e, agora, a organiza&ccedil;&atilde;o do evento passou &agrave; C&acirc;mara e ao Senado&rdquo;. <\/p>\n<p><\/span><span>Na p&aacute;gina da Comiss&atilde;o de Ci&ecirc;ncia e Tecnologia, Comunica&ccedil;&atilde;o e Inform&aacute;tica na Internet, o objetivo do evento &eacute; descrito como &ldquo;colher elementos que contribuam para a elabora&ccedil;&atilde;o de pol&iacute;ticas capazes de incentivar a presta&ccedil;&atilde;o de mais e melhores servi&ccedil;os &agrave; popula&ccedil;&atilde;o brasileira e promover a inclus&atilde;o digital, social e a democratiza&ccedil;&atilde;o do acesso aos servi&ccedil;os e &agrave; informa&ccedil;&atilde;o&rdquo;.<\/p>\n<p><\/span><span><strong>Recuo e sil&ecirc;ncio <\/p>\n<p><\/strong><\/span><span>Da parte das demais inst&acirc;ncias do governo federal que poderiam envolver-se no processo da confer&ecirc;ncia, os sinais tamb&eacute;m s&atilde;o confusos. Em audi&ecirc;ncia com membros da Comiss&atilde;o Pr&oacute;-Confer&ecirc;ncia, o ministro Franklin Martins, da Secretaria de Comunica&ccedil;&atilde;o Social, afirmou que o Minist&eacute;rio das Comunica&ccedil;&otilde;es tem legitimidade para nomear o evento de agosto como queira. Anteriormente, Martins havia sinalizado que uma confer&ecirc;ncia na &aacute;rea seria tratada como pol&iacute;tica de governo e n&atilde;o de um &uacute;nico &oacute;rg&atilde;o.<\/p>\n<p><\/span><span>A comiss&atilde;o de parlamentares e da sociedade civil espera, ainda, a resposta da Secretaria Geral da Presid&ecirc;ncia, para quem foi entregue a &ldquo;Carta Aberta ao Presidente da Rep&uacute;blica Por uma Leg&iacute;tima e Democr&aacute;tica Confer&ecirc;ncia Nacional de Comunica&ccedil;&otilde;es&rdquo;, documento final do Encontro Nacional de Comunica&ccedil;&otilde;es, realizado em junho no Congresso Nacional. A assessoria do &oacute;rg&atilde;o informou que a quest&atilde;o est&aacute; nas m&atilde;os do secret&aacute;rio de Articula&ccedil;&atilde;o Social, Wagner Caetano.<\/p>\n<p><\/span><span>Na semana passada, as entidades integrantes da comiss&atilde;o avaliaram que, ainda que os espa&ccedil;os de interlocu&ccedil;&atilde;o com o governo federal estejam se fechando cada vez mais, ainda &eacute; necess&aacute;rio insistir. &ldquo;N&atilde;o podemos abrir m&atilde;o do Executivo dentro deste processo da confer&ecirc;ncia como queremos. Ou seja, vamos insistir at&eacute; ouvir sim ou n&atilde;o&rdquo;, resume Br&aacute;ulio Ribeiro.<\/p>\n<p><\/span><span>&ldquo;Estamos preocupados, porque se o governo admite que este evento de agosto ser&aacute; uma confer&ecirc;ncia, estar&aacute; indo contra tudo que j&aacute; foi feito rela&ccedil;&atilde;o aos processos das confer&ecirc;ncias nacionais&rdquo;, avalia o deputado Luiz Couto.<\/p>\n<p><\/span><span>Dentro do Congresso, o apoio efetivo de outros parlamentares &agrave; Confer&ecirc;ncia Nacional de Comunica&ccedil;&otilde;es ser&aacute; objeto de uma reuni&atilde;o ainda na primeira semana p&oacute;s-recesso.<\/p>\n<p><img loading=\"lazy\" decoding=\"async\" src=\"images\/stories\/politica_publicacoes\/c_invertido_pq.png\" alt=\"Active Image\" width=\"15\" height=\"15\" \/><\/span><\/p>\n","protected":false},"excerpt":{"rendered":"<p>Agora sem data para ocorrer, evento convocado pelo Minist\u00e9rio das Comunica\u00e7\u00f5es segue sem car\u00e1ter definido. Para organiza\u00e7\u00f5es da sociedade civil e parlamentares, iniciativa busca deslegitimar a realiza\u00e7\u00e3o de uma ampla Confer\u00eancia Nacional de Comunica\u00e7\u00f5es.<\/p>\n","protected":false},"author":1,"featured_media":0,"comment_status":"open","ping_status":"open","sticky":false,"template":"","format":"standard","meta":{"footnotes":""},"categories":[40],"tags":[137],"_links":{"self":[{"href":"https:\/\/obscom.intervozes.org.br\/index.php?rest_route=\/wp\/v2\/posts\/18830"}],"collection":[{"href":"https:\/\/obscom.intervozes.org.br\/index.php?rest_route=\/wp\/v2\/posts"}],"about":[{"href":"https:\/\/obscom.intervozes.org.br\/index.php?rest_route=\/wp\/v2\/types\/post"}],"author":[{"embeddable":true,"href":"https:\/\/obscom.intervozes.org.br\/index.php?rest_route=\/wp\/v2\/users\/1"}],"replies":[{"embeddable":true,"href":"https:\/\/obscom.intervozes.org.br\/index.php?rest_route=%2Fwp%2Fv2%2Fcomments&post=18830"}],"version-history":[{"count":0,"href":"https:\/\/obscom.intervozes.org.br\/index.php?rest_route=\/wp\/v2\/posts\/18830\/revisions"}],"wp:attachment":[{"href":"https:\/\/obscom.intervozes.org.br\/index.php?rest_route=%2Fwp%2Fv2%2Fmedia&parent=18830"}],"wp:term":[{"taxonomy":"category","embeddable":true,"href":"https:\/\/obscom.intervozes.org.br\/index.php?rest_route=%2Fwp%2Fv2%2Fcategories&post=18830"},{"taxonomy":"post_tag","embeddable":true,"href":"https:\/\/obscom.intervozes.org.br\/index.php?rest_route=%2Fwp%2Fv2%2Ftags&post=18830"}],"curies":[{"name":"wp","href":"https:\/\/api.w.org\/{rel}","templated":true}]}}