{"id":18829,"date":"2007-07-25T18:54:29","date_gmt":"2007-07-25T18:54:29","guid":{"rendered":"https:\/\/obscom.intervozes.org.br\/wordpress\/?p=18829"},"modified":"2007-07-25T18:54:29","modified_gmt":"2007-07-25T18:54:29","slug":"mpf-pede-anulacao-de-seis-concessoes-de-radio-e-televisao","status":"publish","type":"post","link":"https:\/\/obscom.intervozes.org.br\/?p=18829","title":{"rendered":"MPF pede anula\u00e7\u00e3o de seis concess\u00f5es de r\u00e1dio e televis\u00e3o"},"content":{"rendered":"<div>\n<p>O Minist&eacute;rio P&uacute;blico Federal no Distrito Federal prop&ocirc;s, na &uacute;ltima segunda-feira (23\/7), v&aacute;rias A&ccedil;&otilde;es Civis P&uacute;blicas para anular a renova&ccedil;&atilde;o e concess&atilde;o de outorga de seis empresas de r&aacute;dio e TV de deputados e ex-deputados federais. <\/p>\n<p>Para o MPF, houve favorecimento pessoal nas concess&otilde;es, uma vez que os parlamentares, s&oacute;cios das empresas, participaram das vota&ccedil;&otilde;es em que foram analisados e deferidos os pedidos de concess&atilde;o e renova&ccedil;&atilde;o dessas outorgas. <\/p>\n<p>As irregularidades foram denunciadas ao MPF pelo Instituto para o Desenvolvimento do Jornalismo (Projor). Segundo a associa&ccedil;&atilde;o, 51 dos 513 deputados em 2005 eram concession&aacute;rios diretos de r&aacute;dios e de TV. Dentre esses, pelo menos 20 eram membros da Comiss&atilde;o de Ci&ecirc;ncia, Tecnologia, Comunica&ccedil;&atilde;o e Inform&aacute;tica, respons&aacute;vel por analisar os pedidos na C&acirc;mara dos Deputados. <\/p>\n<p>O MPF analisou todas as atas, de janeiro de 2003 a dezembro de 2005, e constatou que v&aacute;rios parlamentares utilizaram a fun&ccedil;&atilde;o exercida na comiss&atilde;o para beneficiar, direta ou indiretamente, interesses pessoais relativos &agrave; renova&ccedil;&atilde;o e concess&atilde;o de servi&ccedil;os de radiodifus&atilde;o. Entre os envolvidos est&atilde;o os deputados Carlos Alberto Ler&eacute;ia (PSDB\/GO), Nelson Proen&ccedil;a (PPS-RS) e os ex-deputados Corauci Sobrinho (PFL\/SP), Jo&atilde;o Batista (PP\/SP), Jo&atilde;o Mendes de Jesus (sem partido) e Wanderval Santos (PL-SP). <\/p>\n<p>Eles eram s&oacute;cios, cotistas ou diretores de empresas concession&aacute;rias do servi&ccedil;o de radiodifus&atilde;o &agrave; &eacute;poca em que essas mesmas empresas tiveram os pedidos de renova&ccedil;&atilde;o e concess&atilde;o aprovados na comiss&atilde;o.<\/p>\n<p>Para os procuradores da Rep&uacute;blica Jos&eacute; Alfredo de Paula, Raquel Branquinho e R&ocirc;mulo Moreira, que assinam as a&ccedil;&otilde;es, os atos de concess&atilde;o violaram os princ&iacute;pios da legalidade, da moralidade e da impessoalidade. &quot;Tais deputados, sem qualquer pudor, participaram das sess&otilde;es em que houve an&aacute;lise e aprova&ccedil;&atilde;o de requerimentos das empresas a estes vinculadas, inclusive votando pela outorga ou renova&ccedil;&atilde;o das concess&otilde;es&quot;, afirmaram. <\/p>\n<p>Foram propostas seis A&ccedil;&otilde;es Civis P&uacute;blicas contra a Uni&atilde;o. Liminarmente, o MPF pede a suspens&atilde;o imediata das concess&otilde;es e, no m&eacute;rito, a anula&ccedil;&atilde;o definitiva das outorgas. Al&eacute;m disso, as empresas podem ser condenadas a pagar multa por dano moral coletivo. Os deputados podem ainda ser processados por improbidade administrativa. <\/p>\n<p><strong>Concession&aacute;rias e parlamentares envolvidos:<\/p>\n<p><\/strong>1. Alagoas R&aacute;dio e Televis&atilde;o (Macei&oacute; &#8211; AL); Jo&atilde;o Mendes (sem partido); s&oacute;cio-diretor<\/p>\n<p>2. Emissoras Reunidas (Caxias do Sul &#8211; RS); Nelson Proen&ccedil;a (PPS-RS); s&oacute;cio<\/p>\n<p>3. R&aacute;dio Continental FM (Campinas &#8211; SP); Wanderval Santos (PL\/SP); s&oacute;cio<\/p>\n<p>4. R&aacute;dio Difusora de Imbituba (Imbituba &#8211; SC); Carlos Alberto Ler&eacute;ia (PSDB\/GO); s&oacute;cio-diretor<\/p>\n<p>5. R&aacute;dio Renascen&ccedil;a (Ribeir&atilde;o Preto &#8211; SP); Corauci Sobrinho (PFL\/SP); s&oacute;cio<\/p>\n<p>6. Sociedade R&aacute;dio Atalaia de Londrina (Londrina &#8211; PR); Jo&atilde;o Batista (PP\/SP); s&oacute;cio<\/p>\n<p><img loading=\"lazy\" decoding=\"async\" src=\"images\/stories\/politica_publicacoes\/c_normal_pq.png\" alt=\"Active Image\" width=\"15\" height=\"15\" \/>&nbsp;Copyright Consultor Jur&iacute;dico<\/p>\n<\/div>\n","protected":false},"excerpt":{"rendered":"<p>O Minist&eacute;rio P&uacute;blico Federal no Distrito Federal prop&ocirc;s, na &uacute;ltima segunda-feira (23\/7), v&aacute;rias A&ccedil;&otilde;es Civis P&uacute;blicas para anular a renova&ccedil;&atilde;o e concess&atilde;o de outorga de seis empresas de r&aacute;dio e TV de deputados e ex-deputados federais. Para o MPF, houve favorecimento pessoal nas concess&otilde;es, uma vez que os parlamentares, s&oacute;cios das empresas, participaram das vota&ccedil;&otilde;es &hellip; <a href=\"https:\/\/obscom.intervozes.org.br\/?p=18829\" class=\"more-link\">Continue lendo <span class=\"screen-reader-text\">MPF pede anula\u00e7\u00e3o de seis concess\u00f5es de r\u00e1dio e televis\u00e3o<\/span> <span class=\"meta-nav\">&rarr;<\/span><\/a><\/p>\n","protected":false},"author":1,"featured_media":0,"comment_status":"open","ping_status":"open","sticky":false,"template":"","format":"standard","meta":{"footnotes":""},"categories":[40],"tags":[140],"_links":{"self":[{"href":"https:\/\/obscom.intervozes.org.br\/index.php?rest_route=\/wp\/v2\/posts\/18829"}],"collection":[{"href":"https:\/\/obscom.intervozes.org.br\/index.php?rest_route=\/wp\/v2\/posts"}],"about":[{"href":"https:\/\/obscom.intervozes.org.br\/index.php?rest_route=\/wp\/v2\/types\/post"}],"author":[{"embeddable":true,"href":"https:\/\/obscom.intervozes.org.br\/index.php?rest_route=\/wp\/v2\/users\/1"}],"replies":[{"embeddable":true,"href":"https:\/\/obscom.intervozes.org.br\/index.php?rest_route=%2Fwp%2Fv2%2Fcomments&post=18829"}],"version-history":[{"count":0,"href":"https:\/\/obscom.intervozes.org.br\/index.php?rest_route=\/wp\/v2\/posts\/18829\/revisions"}],"wp:attachment":[{"href":"https:\/\/obscom.intervozes.org.br\/index.php?rest_route=%2Fwp%2Fv2%2Fmedia&parent=18829"}],"wp:term":[{"taxonomy":"category","embeddable":true,"href":"https:\/\/obscom.intervozes.org.br\/index.php?rest_route=%2Fwp%2Fv2%2Fcategories&post=18829"},{"taxonomy":"post_tag","embeddable":true,"href":"https:\/\/obscom.intervozes.org.br\/index.php?rest_route=%2Fwp%2Fv2%2Ftags&post=18829"}],"curies":[{"name":"wp","href":"https:\/\/api.w.org\/{rel}","templated":true}]}}