{"id":18825,"date":"2007-07-25T15:05:43","date_gmt":"2007-07-25T15:05:43","guid":{"rendered":"https:\/\/obscom.intervozes.org.br\/wordpress\/?p=18825"},"modified":"2007-07-25T15:05:43","modified_gmt":"2007-07-25T15:05:43","slug":"conferencia-nacional-preparatoria-de-comunicacoes-e-adiada","status":"publish","type":"post","link":"https:\/\/obscom.intervozes.org.br\/?p=18825","title":{"rendered":"Confer\u00eancia Nacional &#8220;Preparat\u00f3ria&#8221; de Comunica\u00e7\u00f5es \u00e9 adiada"},"content":{"rendered":"<p>Segundo o site da Comiss&atilde;o de Ci&ecirc;ncia e Tecnologia, Comunica&ccedil;&atilde;o e Inform&aacute;tica da C&acirc;mara,&nbsp;a &quot;Confer&ecirc;ncia Nacional Preparat&oacute;ria de Comunica&ccedil;&otilde;es&quot;, prevista para ser realizada nos dias 14, 15 e 16 de agosto, est&aacute; adiada. De acordo com as informa&ccedil;&otilde;es, o evento foi adiado &quot;devido a problemas de agenda e log&iacute;stica&quot; .<\/p>\n<p>Organizada pelo Minist&eacute;rio das Comunica&ccedil;&otilde;es; a Comiss&atilde;o de Ci&ecirc;ncia e Tecnologia, Comunica&ccedil;&atilde;o e Inform&aacute;tica da C&acirc;mara; a Comiss&atilde;o de Ci&ecirc;ncia e Tecnologia, Comunica&ccedil;&atilde;o, Inova&ccedil;&atilde;o e Inform&aacute;tica do Senado e a Anatel, a atividade&nbsp;teria como objetivo estudar profundamente os diversos temas que envolvem as tecnologias e a converg&ecirc;ncia, seus impactos nos servi&ccedil;os e as modifica&ccedil;&otilde;es necess&aacute;rias na legisla&ccedil;&atilde;o e na regulamenta&ccedil;&atilde;o das comunica&ccedil;&otilde;es.<\/p>\n<p>Nos&nbsp;&uacute;ltimos meses, entretanto, o Minist&eacute;rio das Comunica&ccedil;&otilde;es&nbsp;n&atilde;o deixou claro qual a rela&ccedil;&atilde;o deste evento com a Confer&ecirc;ncia Nacional de Comunica&ccedil;&atilde;o reivindicada pela sociedade civil e por parlamentares, nos moldes das confer&ecirc;ncias de outras &aacute;reas, como elei&ccedil;&atilde;o de delegados e cap&iacute;tulos locais e regionais.<\/p>\n","protected":false},"excerpt":{"rendered":"<p>Segundo o site da Comiss&atilde;o de Ci&ecirc;ncia e Tecnologia, Comunica&ccedil;&atilde;o e Inform&aacute;tica da C&acirc;mara,&nbsp;a &quot;Confer&ecirc;ncia Nacional Preparat&oacute;ria de Comunica&ccedil;&otilde;es&quot;, prevista para ser realizada nos dias 14, 15 e 16 de agosto, est&aacute; adiada. De acordo com as informa&ccedil;&otilde;es, o evento foi adiado &quot;devido a problemas de agenda e log&iacute;stica&quot; . Organizada pelo Minist&eacute;rio das Comunica&ccedil;&otilde;es; &hellip; <a href=\"https:\/\/obscom.intervozes.org.br\/?p=18825\" class=\"more-link\">Continue lendo <span class=\"screen-reader-text\">Confer\u00eancia Nacional &#8220;Preparat\u00f3ria&#8221; de Comunica\u00e7\u00f5es \u00e9 adiada<\/span> <span class=\"meta-nav\">&rarr;<\/span><\/a><\/p>\n","protected":false},"author":1,"featured_media":0,"comment_status":"open","ping_status":"open","sticky":false,"template":"","format":"standard","meta":{"footnotes":""},"categories":[39],"tags":[],"_links":{"self":[{"href":"https:\/\/obscom.intervozes.org.br\/index.php?rest_route=\/wp\/v2\/posts\/18825"}],"collection":[{"href":"https:\/\/obscom.intervozes.org.br\/index.php?rest_route=\/wp\/v2\/posts"}],"about":[{"href":"https:\/\/obscom.intervozes.org.br\/index.php?rest_route=\/wp\/v2\/types\/post"}],"author":[{"embeddable":true,"href":"https:\/\/obscom.intervozes.org.br\/index.php?rest_route=\/wp\/v2\/users\/1"}],"replies":[{"embeddable":true,"href":"https:\/\/obscom.intervozes.org.br\/index.php?rest_route=%2Fwp%2Fv2%2Fcomments&post=18825"}],"version-history":[{"count":0,"href":"https:\/\/obscom.intervozes.org.br\/index.php?rest_route=\/wp\/v2\/posts\/18825\/revisions"}],"wp:attachment":[{"href":"https:\/\/obscom.intervozes.org.br\/index.php?rest_route=%2Fwp%2Fv2%2Fmedia&parent=18825"}],"wp:term":[{"taxonomy":"category","embeddable":true,"href":"https:\/\/obscom.intervozes.org.br\/index.php?rest_route=%2Fwp%2Fv2%2Fcategories&post=18825"},{"taxonomy":"post_tag","embeddable":true,"href":"https:\/\/obscom.intervozes.org.br\/index.php?rest_route=%2Fwp%2Fv2%2Ftags&post=18825"}],"curies":[{"name":"wp","href":"https:\/\/api.w.org\/{rel}","templated":true}]}}