{"id":18823,"date":"2007-07-25T13:21:51","date_gmt":"2007-07-25T13:21:51","guid":{"rendered":"https:\/\/obscom.intervozes.org.br\/wordpress\/?p=18823"},"modified":"2007-07-25T13:21:51","modified_gmt":"2007-07-25T13:21:51","slug":"agencia-coloca-em-consulta-canais-provisorios-para-radios-comunitarias","status":"publish","type":"post","link":"https:\/\/obscom.intervozes.org.br\/?p=18823","title":{"rendered":"Ag\u00eancia coloca em consulta canais provis\u00f3rios para r\u00e1dios comunit\u00e1rias"},"content":{"rendered":"<p>A Anatel tentar&aacute; mais uma vez conciliar a migra&ccedil;&atilde;o das r&aacute;dios comunit&aacute;rias atuantes no pa&iacute;s. A ag&ecirc;ncia reguladora publicou nesta ter&ccedil;a, 24, consulta p&uacute;blica para alterar o plano de refer&ecirc;ncia de distribui&ccedil;&atilde;o de canais do servi&ccedil;o para atender uma s&eacute;rie de reclama&ccedil;&otilde;es dos radiodifusores localizados nos estados de Minas Gerais, Esp&iacute;rito Santo, Santa Catarina e Rio Grande do Sul. A proposta prev&ecirc; a libera&ccedil;&atilde;o de tr&ecirc;s canais &#8211; 252, 292 e 300 &#8211; para uso tempor&aacute;rio das r&aacute;dios comunit&aacute;rias em opera&ccedil;&atilde;o nas regi&otilde;es metropolitanas e adjac&ecirc;ncias das capitais. <\/p>\n<p>O motivo da disc&oacute;rdia em torno do tema &eacute; que o principal canal designado inicialmente para a abrigar todas as r&aacute;dios comunit&aacute;rias, o 200, est&aacute; com mais da metade de sua capacidade j&aacute; ocupada com transmiss&otilde;es em FM e com o canal 6 de televis&atilde;o aberta. Segundo informa&ccedil;&otilde;es presentes na justificativa da consulta publicada pela Anatel, essa falta de espa&ccedil;o para a migra&ccedil;&atilde;o comprometeu 67 propostas de altera&ccedil;&atilde;o do plano de canais desenhadas anteriormente pela ag&ecirc;ncia reguladora.<\/p>\n<p>A id&eacute;ia da ag&ecirc;ncia, descrita na nova minuta, &eacute; alocar as r&aacute;dios comunit&aacute;rias nos canais provis&oacute;rios at&eacute; que o canal 6 de TV seja devolvido &agrave; Uni&atilde;o como resultado da digitaliza&ccedil;&atilde;o das transmiss&otilde;es. O texto da consulta p&uacute;blica n.&ordm; 807 j&aacute; est&aacute; dispon&iacute;vel na p&aacute;gina da Anatel e receber&aacute; contribui&ccedil;&otilde;es at&eacute; &agrave;s 24h do dia 17 de agosto.<\/p>\n<p><img loading=\"lazy\" decoding=\"async\" src=\"images\/stories\/politica_publicacoes\/c_normal_pq.png\" alt=\"Active Image\" width=\"15\" height=\"15\" \/>&nbsp;publica&ccedil;&atilde;o autorizada.<\/p>\n<p>&nbsp;<\/p>\n","protected":false},"excerpt":{"rendered":"<p>A Anatel tentar&aacute; mais uma vez conciliar a migra&ccedil;&atilde;o das r&aacute;dios comunit&aacute;rias atuantes no pa&iacute;s. A ag&ecirc;ncia reguladora publicou nesta ter&ccedil;a, 24, consulta p&uacute;blica para alterar o plano de refer&ecirc;ncia de distribui&ccedil;&atilde;o de canais do servi&ccedil;o para atender uma s&eacute;rie de reclama&ccedil;&otilde;es dos radiodifusores localizados nos estados de Minas Gerais, Esp&iacute;rito Santo, Santa Catarina e &hellip; <a href=\"https:\/\/obscom.intervozes.org.br\/?p=18823\" class=\"more-link\">Continue lendo <span class=\"screen-reader-text\">Ag\u00eancia coloca em consulta canais provis\u00f3rios para r\u00e1dios comunit\u00e1rias<\/span> <span class=\"meta-nav\">&rarr;<\/span><\/a><\/p>\n","protected":false},"author":1,"featured_media":0,"comment_status":"open","ping_status":"open","sticky":false,"template":"","format":"standard","meta":{"footnotes":""},"categories":[40],"tags":[152],"_links":{"self":[{"href":"https:\/\/obscom.intervozes.org.br\/index.php?rest_route=\/wp\/v2\/posts\/18823"}],"collection":[{"href":"https:\/\/obscom.intervozes.org.br\/index.php?rest_route=\/wp\/v2\/posts"}],"about":[{"href":"https:\/\/obscom.intervozes.org.br\/index.php?rest_route=\/wp\/v2\/types\/post"}],"author":[{"embeddable":true,"href":"https:\/\/obscom.intervozes.org.br\/index.php?rest_route=\/wp\/v2\/users\/1"}],"replies":[{"embeddable":true,"href":"https:\/\/obscom.intervozes.org.br\/index.php?rest_route=%2Fwp%2Fv2%2Fcomments&post=18823"}],"version-history":[{"count":0,"href":"https:\/\/obscom.intervozes.org.br\/index.php?rest_route=\/wp\/v2\/posts\/18823\/revisions"}],"wp:attachment":[{"href":"https:\/\/obscom.intervozes.org.br\/index.php?rest_route=%2Fwp%2Fv2%2Fmedia&parent=18823"}],"wp:term":[{"taxonomy":"category","embeddable":true,"href":"https:\/\/obscom.intervozes.org.br\/index.php?rest_route=%2Fwp%2Fv2%2Fcategories&post=18823"},{"taxonomy":"post_tag","embeddable":true,"href":"https:\/\/obscom.intervozes.org.br\/index.php?rest_route=%2Fwp%2Fv2%2Ftags&post=18823"}],"curies":[{"name":"wp","href":"https:\/\/api.w.org\/{rel}","templated":true}]}}