{"id":18811,"date":"2007-07-24T11:45:52","date_gmt":"2007-07-24T11:45:52","guid":{"rendered":"https:\/\/obscom.intervozes.org.br\/wordpress\/?p=18811"},"modified":"2007-07-24T11:45:52","modified_gmt":"2007-07-24T11:45:52","slug":"conversor-por-r-100-no-inicio-e-inviavel-reafirmam-fabricantes","status":"publish","type":"post","link":"https:\/\/obscom.intervozes.org.br\/?p=18811","title":{"rendered":"Conversor por R$ 100 no \u00edn\u00edcio \u00e9 invi\u00e1vel, reafirmam fabricantes"},"content":{"rendered":"<p>A Eletros, associa&ccedil;&atilde;o de fabricantes de produtos eletroeletr&ocirc;nicos, divulgou nesta segunda, 23, um release que, claramente, responde &agrave;s declara&ccedil;&otilde;es do ministro das Comunica&ccedil;&otilde;es H&eacute;lio Costa em rela&ccedil;&atilde;o ao custo dos set-top boxes de TV digital. O ministro afirmou que seria um &quot;absurdo&quot; que as caixas de recep&ccedil;&atilde;o da TV digital chegassem ao mercado a um custo de R$ 700, afirmando que haveriam tamb&eacute;m modelos custando pelo menos R$ 200. A Eletros afirma que &quot;seria &oacute;timo poder oferecer conversores e televisores baratos desde o in&iacute;cio. <\/p>\n<p>Seria fant&aacute;stico, mas, infelizmente, isso n&atilde;o ser&aacute; poss&iacute;vel, pelo menos n&atilde;o no in&iacute;cio, e nem nos patamares de R$ 100 como sempre foi anunciado&quot;. A associa&ccedil;&atilde;o afirma que as inova&ccedil;&otilde;es do Sistema Brasileiro de TV Digital demandam componentes espec&iacute;ficos, que ainda n&atilde;o s&atilde;o produzidos em larga escala no mercado mundial. Para a Eletros, &agrave; medida que esses componentes come&ccedil;arem a ser produzidos em escala, os pre&ccedil;os dever&atilde;o cair, mas a expectativa &eacute; que isto n&atilde;o ocorra ainda este ano.<\/p>\n<p><strong>Desonera&ccedil;&atilde;o<\/p>\n<p><\/strong>A associa&ccedil;&atilde;o dos fabricantes de eletroeletr&ocirc;nicos lembra ainda que existem &quot;muitas incertezas sobre os royalties envolvidos no sistema que, com certeza, impactam fortemente os custos&quot;. Al&eacute;m disso, a Eletros afirma que &quot;o pleito que a ind&uacute;stria apresentou ao governo para desonera&ccedil;&atilde;o de tributos &#8211; a exemplo do que foi feito na MP do Bem para computadores &#8211; continua sem resposta, desde setembro do ano passado&quot;. <\/p>\n<p><img loading=\"lazy\" decoding=\"async\" src=\"images\/stories\/politica_publicacoes\/c_normal_pq.png\" alt=\"Active Image\" width=\"15\" height=\"15\" \/>&nbsp;publica&ccedil;&atilde;o autorizada.<\/p>\n","protected":false},"excerpt":{"rendered":"<p>A Eletros, associa&ccedil;&atilde;o de fabricantes de produtos eletroeletr&ocirc;nicos, divulgou nesta segunda, 23, um release que, claramente, responde &agrave;s declara&ccedil;&otilde;es do ministro das Comunica&ccedil;&otilde;es H&eacute;lio Costa em rela&ccedil;&atilde;o ao custo dos set-top boxes de TV digital. O ministro afirmou que seria um &quot;absurdo&quot; que as caixas de recep&ccedil;&atilde;o da TV digital chegassem ao mercado a um &hellip; <a href=\"https:\/\/obscom.intervozes.org.br\/?p=18811\" class=\"more-link\">Continue lendo <span class=\"screen-reader-text\">Conversor por R$ 100 no \u00edn\u00edcio \u00e9 invi\u00e1vel, reafirmam fabricantes<\/span> <span class=\"meta-nav\">&rarr;<\/span><\/a><\/p>\n","protected":false},"author":1,"featured_media":0,"comment_status":"open","ping_status":"open","sticky":false,"template":"","format":"standard","meta":{"footnotes":""},"categories":[40],"tags":[79],"_links":{"self":[{"href":"https:\/\/obscom.intervozes.org.br\/index.php?rest_route=\/wp\/v2\/posts\/18811"}],"collection":[{"href":"https:\/\/obscom.intervozes.org.br\/index.php?rest_route=\/wp\/v2\/posts"}],"about":[{"href":"https:\/\/obscom.intervozes.org.br\/index.php?rest_route=\/wp\/v2\/types\/post"}],"author":[{"embeddable":true,"href":"https:\/\/obscom.intervozes.org.br\/index.php?rest_route=\/wp\/v2\/users\/1"}],"replies":[{"embeddable":true,"href":"https:\/\/obscom.intervozes.org.br\/index.php?rest_route=%2Fwp%2Fv2%2Fcomments&post=18811"}],"version-history":[{"count":0,"href":"https:\/\/obscom.intervozes.org.br\/index.php?rest_route=\/wp\/v2\/posts\/18811\/revisions"}],"wp:attachment":[{"href":"https:\/\/obscom.intervozes.org.br\/index.php?rest_route=%2Fwp%2Fv2%2Fmedia&parent=18811"}],"wp:term":[{"taxonomy":"category","embeddable":true,"href":"https:\/\/obscom.intervozes.org.br\/index.php?rest_route=%2Fwp%2Fv2%2Fcategories&post=18811"},{"taxonomy":"post_tag","embeddable":true,"href":"https:\/\/obscom.intervozes.org.br\/index.php?rest_route=%2Fwp%2Fv2%2Ftags&post=18811"}],"curies":[{"name":"wp","href":"https:\/\/api.w.org\/{rel}","templated":true}]}}