{"id":18810,"date":"2007-07-23T12:50:50","date_gmt":"2007-07-23T12:50:50","guid":{"rendered":"https:\/\/obscom.intervozes.org.br\/wordpress\/?p=18810"},"modified":"2007-07-23T12:50:50","modified_gmt":"2007-07-23T12:50:50","slug":"a-radicalizacao-irresponsavel-e-o-grampo-ilegal","status":"publish","type":"post","link":"https:\/\/obscom.intervozes.org.br\/?p=18810","title":{"rendered":"A radicaliza\u00e7\u00e3o irrespons\u00e1vel e o grampo ilegal"},"content":{"rendered":"<p>&quot;Os gestos do Marco Aur&eacute;lio Garcia e do seu assessor, comemorando a &ldquo;barriga&rdquo; da cobertura do &ldquo;Jornal Nacional&rdquo; s&atilde;o conden&aacute;veis. Mas film&aacute;-los dentro de sua sala, na intimidade, equivale a um grampo ilegal. &Eacute; crime. Qual teria sido o coment&aacute;rio dos editores da Globo quando receberam o material que permitiu desviar o foco da discuss&atilde;o da cobertura para o gesto do assessor?<\/p>\n<p>Lembro-me quando a &ldquo;Veja&rdquo;, em um de seus momentos t&iacute;picos, crucificou o jornalista Ricardo Boechat, em cima de frases tiradas de um grampo, em uma conversa informal. Um ex-diretor da revista, M&aacute;rio S&eacute;rgio Conti, comentou com o ent&atilde;o diretor da revista que se tivessem sido grampeadas as conversas deles com Pedro Collor, ningu&eacute;m sairia ileso. E isso porque termos e frases (at&eacute; gestos) em uma conversa privada em tudo diferem de uma manifesta&ccedil;&atilde;o p&uacute;blica. Muitas vezes o problema n&atilde;o &eacute; da frase ou do gesto: &eacute; do grampo e da publicidade dada ao ato criminoso de grampear sem autoriza&ccedil;&atilde;o judicial.<\/p>\n<p>Mesmo assim, tanto o gesto de Marco Aur&eacute;lio como a repercuss&atilde;o da m&iacute;dia mostram que conveni&ecirc;ncias pol&iacute;ticas se colocaram acima da solidariedade com as v&iacute;timas ou da busca de sa&iacute;das para o impasse a&eacute;reo.<\/p>\n<p>Tem-se um jogo, hoje em dia, em que se condena Lula por seus erros e por erros de terceiros; na outra ponta, se ataca Jos&eacute; Serra meramente por ter divulgado o n&uacute;mero de mortos. Acenam-se com cad&aacute;veres do Metr&ocirc; contra os cad&aacute;veres da TAM. E toda essa luta para qu&ecirc;? N&atilde;o est&atilde;o em jogo projetos de pa&iacute;s, modelos alternativos de desenvolvimento, princ&iacute;pios pol&iacute;ticos e ideol&oacute;gicos. &Eacute; um pega-pra-capar que tem a mesma falta de l&oacute;gica dos efeitos-manada.<\/p>\n<p>A imprensa se machucou seriamente no per&iacute;odo eleitoral. N&atilde;o aprendeu a li&ccedil;&atilde;o. Tem que cobrar Lula pela falta de regula&ccedil;&atilde;o do setor a&eacute;reo, pela incompet&ecirc;ncia da ANAC (Ag&ecirc;ncia Nacional de Avia&ccedil;&atilde;o Civil), pela politiza&ccedil;&atilde;o anterior da Infraero. Tem que se cobrar um novo modelo para o setor a&eacute;reo. <\/p>\n<p>Agora, quem ganha com esse tiroteio destrambelhado, com esse festival de acusa&ccedil;&otilde;es apressadas, com essa tentativa de criar um fato pol&iacute;tico em cima de grampos televisivos? Quem ganha com essa montagem de colocar uma frase solta do Ministro da Defesa reclamando de sal&aacute;rio, como se fosse uma resposta &agrave; crise a&eacute;rea? <\/p>\n<p>&Eacute; um pre&ccedil;o muito alto que o pa&iacute;s paga para se desviar o foco da discuss&atilde;o principal: a incompet&ecirc;ncia do governo para resolver a quest&atilde;o a&eacute;rea; a incompet&ecirc;ncia da m&iacute;dia para fazer uma cobertura t&eacute;cnica e isenta.&quot;<\/p>\n<p>&nbsp;<\/p>\n","protected":false},"excerpt":{"rendered":"<p>&quot;Os gestos do Marco Aur&eacute;lio Garcia e do seu assessor, comemorando a &ldquo;barriga&rdquo; da cobertura do &ldquo;Jornal Nacional&rdquo; s&atilde;o conden&aacute;veis. Mas film&aacute;-los dentro de sua sala, na intimidade, equivale a um grampo ilegal. &Eacute; crime. Qual teria sido o coment&aacute;rio dos editores da Globo quando receberam o material que permitiu desviar o foco da discuss&atilde;o &hellip; <a href=\"https:\/\/obscom.intervozes.org.br\/?p=18810\" class=\"more-link\">Continue lendo <span class=\"screen-reader-text\">A radicaliza\u00e7\u00e3o irrespons\u00e1vel e o grampo ilegal<\/span> <span class=\"meta-nav\">&rarr;<\/span><\/a><\/p>\n","protected":false},"author":1,"featured_media":0,"comment_status":"open","ping_status":"open","sticky":false,"template":"","format":"standard","meta":{"footnotes":""},"categories":[42],"tags":[341],"_links":{"self":[{"href":"https:\/\/obscom.intervozes.org.br\/index.php?rest_route=\/wp\/v2\/posts\/18810"}],"collection":[{"href":"https:\/\/obscom.intervozes.org.br\/index.php?rest_route=\/wp\/v2\/posts"}],"about":[{"href":"https:\/\/obscom.intervozes.org.br\/index.php?rest_route=\/wp\/v2\/types\/post"}],"author":[{"embeddable":true,"href":"https:\/\/obscom.intervozes.org.br\/index.php?rest_route=\/wp\/v2\/users\/1"}],"replies":[{"embeddable":true,"href":"https:\/\/obscom.intervozes.org.br\/index.php?rest_route=%2Fwp%2Fv2%2Fcomments&post=18810"}],"version-history":[{"count":0,"href":"https:\/\/obscom.intervozes.org.br\/index.php?rest_route=\/wp\/v2\/posts\/18810\/revisions"}],"wp:attachment":[{"href":"https:\/\/obscom.intervozes.org.br\/index.php?rest_route=%2Fwp%2Fv2%2Fmedia&parent=18810"}],"wp:term":[{"taxonomy":"category","embeddable":true,"href":"https:\/\/obscom.intervozes.org.br\/index.php?rest_route=%2Fwp%2Fv2%2Fcategories&post=18810"},{"taxonomy":"post_tag","embeddable":true,"href":"https:\/\/obscom.intervozes.org.br\/index.php?rest_route=%2Fwp%2Fv2%2Ftags&post=18810"}],"curies":[{"name":"wp","href":"https:\/\/api.w.org\/{rel}","templated":true}]}}