{"id":18809,"date":"2007-07-23T12:29:02","date_gmt":"2007-07-23T12:29:02","guid":{"rendered":"https:\/\/obscom.intervozes.org.br\/wordpress\/?p=18809"},"modified":"2007-07-23T12:29:02","modified_gmt":"2007-07-23T12:29:02","slug":"governo-deve-indicar-conselho-gestor-e-diretoria-executiva","status":"publish","type":"post","link":"https:\/\/obscom.intervozes.org.br\/?p=18809","title":{"rendered":"Governo deve indicar conselho gestor e diretoria executiva"},"content":{"rendered":"<p style=\"margin: 0cm 0cm 0pt\" class=\"MsoNormal\"><span>O governo federal parece estar decidido em rela&ccedil;&atilde;o ao modelo de gest&atilde;o da TV Brasil, nome provis&oacute;rio da nova rede p&uacute;blica de televis&atilde;o atualmente em gesta&ccedil;&atilde;o. Uma reuni&atilde;o do comit&ecirc; que discute essas e outras quest&otilde;es relativas &agrave; nova emissora p&uacute;blica confirmou o que o ministro Franklin Martins j&aacute; havia sinalizado: o conselho gestor ser&aacute; mesmo uma composi&ccedil;&atilde;o de &ldquo;personalidades not&aacute;veis&rdquo; escolhidas pelo Executivo, ainda sem crit&eacute;rios definidos. A id&eacute;ia de representa&ccedil;&atilde;o pela sociedade civil foi descartada pelo ministro. O comit&ecirc; &eacute; composto pelo presidente da Radiobr&aacute;s, Jos&eacute; Roberto Garcez, pela diretora-executiva da TVE Brasil, Beth Carmona, pelo assessor especial do Minist&eacute;rio da Cultura, M&aacute;rio Borgneth, pelo diretor da R&aacute;dio MEC, Orlando Guilhon, pelo assessor da Casa Civil, Andr&eacute; Barbosa, pelo professor da Escola de Comunica&ccedil;&otilde;es e Artes da USP Laurindo Leal Filho e por mais tr&ecirc;s assessores da Secretaria de Comunica&ccedil;&atilde;o Social. <\/span><\/p>\n<p><span><br \/>Os argumentos que justificam a ado&ccedil;&atilde;o do modelo personalista j&aacute; haviam sido apresentados por Franklin Martins de maneira ret&oacute;rica. Em semin&aacute;rio realizado em 5 de julho no Rio de Janeiro, o ministro afirmou que o conselho formado por &ldquo;personalidades representativas da sociedade&rdquo;, em tese, permitiria que esta n&atilde;o fosse &quot;a TV do Lula, a TV para o Lula mandar ou para o governo mandar&quot;. No entanto, a indica&ccedil;&atilde;o desse conselho, mantida a proposta de Franklin, ser&aacute; prerrogativa do governo, o que refor&ccedil;a exatamente o temor de que a TV p&uacute;blica nacional se materialize em uma TV estatal camuflada. A preocupa&ccedil;&atilde;o tem fundamento: al&eacute;m do conselho gestor, a diretoria-executiva tamb&eacute;m seria escolhida pelo governo. E com conselho e diretoria sendo indicados pelo governo, como afirmar que a TV Brasil ter&aacute; autonomia?<\/p>\n<p><\/span><span>&ldquo;Estamos vendo com simpatia a id&eacute;ia de um conselho de personalidades, mas &eacute; claro que dever&aacute; haver crit&eacute;rios sobre a escolha&rdquo;, afirma Delcimar Pires, assessor do ministro Franklin Martins. Pires defende que h&aacute; legitimidade para que o presidente indique conselho e diretoria. &ldquo;Em uma democracia representativa como a nossa, o presidente tem a outorga da popula&ccedil;&atilde;o para tomar decis&otilde;es&rdquo;, afirma o assessor, que revela que, por enquanto, a proposta que tem mais ades&atilde;o no comit&ecirc; &eacute; a de que o diretor-executivo da emissora seja indicado pelo presidente e referendado pelo Conselho, o que, na opini&atilde;o de organiza&ccedil;&otilde;es da sociedade civil, pode ser in&oacute;cuo como mecanismo de controle p&uacute;blico no caso de ambos serem escolhidos pelo Executivo.<\/p>\n<p><\/span><span>A exclus&atilde;o de um modelo de conselho baseado na representa&ccedil;&atilde;o dos segmentos da sociedade tamb&eacute;m ainda n&atilde;o foi justificada pelo governo. O argumento de que seria imposs&iacute;vel determinar uma real representatividade na sociedade, para al&eacute;m dos &ldquo;interesses corporativos&rdquo; se contradiz com a pr&oacute;pria defesa do ministro Franklin Martins das &ldquo;personalidades representativas da sociedade&rdquo;. Delcimar Pires afirma que ainda n&atilde;o h&aacute; uma decis&atilde;o tomada a respeito, mas j&aacute; d&aacute; ind&iacute;cios de quais s&atilde;o as predile&ccedil;&otilde;es do governo. &ldquo;N&oacute;s n&atilde;o negamos a import&acirc;ncia das organiza&ccedil;&otilde;es da sociedade civil, mas entendo que elas s&oacute; representam a si mesmas. O conselho deve ser algo mais difuso&rdquo;. <\/p>\n<p><\/span><span><strong>Autonomia em xeque<\/p>\n<p><\/strong><\/span><span>E estas pessoas &ldquo;not&oacute;rias&rdquo; indicadas pelo governo, afinal, representariam quem?&nbsp; O pr&oacute;prio presidente Lula, no F&oacute;rum de TVs P&uacute;blicas realizado em maio, afirmou enfaticamente que a TV &ldquo;n&atilde;o ser&aacute; chapa-branca&rdquo;, mas, no modelo at&eacute; agora defendido pelo governo n&atilde;o h&aacute; nenhuma garantia de que haver&aacute; autonomia, pois absolutamente nada impede que este ou qualquer outro governo componha conselho e diretoria da maneira que lhe for mais conveniente politicamente.<\/p>\n<p><\/span><span>Para as organiza&ccedil;&otilde;es da sociedade civil, a proposta defendida pela Secretaria de Comunica&ccedil;&atilde;o Social representa uma grande frustra&ccedil;&atilde;o nas aspira&ccedil;&otilde;es de que a nova TV p&uacute;blica funcione com base em uma gest&atilde;o democr&aacute;tica e plural, e que contemple as diversidades cultural e social brasileiras. Para o Intervozes, uma das organiza&ccedil;&otilde;es civis que acompanha os debates sobre a cria&ccedil;&atilde;o da TV p&uacute;blica, caso seja confirmada a cria&ccedil;&atilde;o de um conselho de personalidades indicadas pelo governo, a nova emissora tende a ter um car&aacute;ter governamental. &ldquo;Um conselho de not&aacute;veis indicados pelo presidente &eacute; o oposto dos princ&iacute;pios estabelecidos na Carta de Bras&iacute;lia [documento final do F&oacute;rum de TVs P&uacute;blicas]. Afinal, mesmo que estas pessoas n&atilde;o fa&ccedil;am parte do governo, ser&atilde;o indicadas por ele&rdquo;, afirma Diogo Moyses, um dos coordenadores da entidade. &ldquo;O modelo proposto &eacute; t&atilde;o prejudicial quanto a indica&ccedil;&atilde;o direta de membros do Executivo. No limite, &eacute; praticamente a mesma coisa e, no futuro, podem fazer da emissora um instrumento a servi&ccedil;o do governante, j&aacute; que o modelo de gest&atilde;o abre espa&ccedil;o para isso&rdquo;.<\/p>\n<p>Berenice Mendes, da coordena&ccedil;&atilde;o do F&oacute;rum Nacional pela Democratiza&ccedil;&atilde;o da Comunica&ccedil;&atilde;o (FNDC), partilha de preocupa&ccedil;&atilde;o semelhante. &ldquo;Foi uma generosidade do governo federal abrir m&atilde;o de uma TV tipicamente estatal, mas n&atilde;o &eacute; poss&iacute;vel dar com uma m&atilde;o e tirar com a outra. Tem que haver controle p&uacute;blico para a emissora, e isso n&atilde;o acontecer&aacute; no caso de um conselho composto por personalidades indicadas pelo governo&rdquo;, afirma. Berenice acredita que o governo&nbsp;n&atilde;o tenha tomado uma decis&atilde;o e tamb&eacute;m reivindica a Carta de Bras&iacute;lia. &ldquo;O governo n&atilde;o pode deixar de encarar a complexidade da quest&atilde;o. N&atilde;o acho que ele trabalha nessa perspectiva reducionista, na lei do menor esfor&ccedil;o. A Carta de Bras&iacute;lia afirmou que o conselho deve ser representativo, e n&atilde;o composto por not&aacute;veis. Portanto, espero que haja bom senso por parte do governo&rdquo;, afirma.<\/p>\n<p><\/span><span>Moyses acredita que &eacute; poss&iacute;vel criar mecanismos que dificultem a defesa de interesses particulares no conselho, mas n&atilde;o se ele for composto por pessoas sem nenhuma responsabilidade de representa&ccedil;&atilde;o. &ldquo;A preocupa&ccedil;&atilde;o de que o conselho seja tomado por interesses corporativos&nbsp;&eacute; natural, pois existem interesses diversos na sociedade.&nbsp;Mas quanto mais representativo ele for, menor &eacute; o risco de os interesses particulares prevalecerem.&nbsp;N&atilde;o &eacute; a desvincula&ccedil;&atilde;o de entidades e&nbsp;a exclus&atilde;o da representa&ccedil;&atilde;o da sociedade civil organizada&nbsp;que vai garantir que o interesse p&uacute;blico&nbsp;guie as decis&otilde;es do Conselho, muito pelo contr&aacute;rio&rdquo;.<\/p>\n<p><\/span><span><strong>Op&ccedil;&otilde;es poss&iacute;veis<\/p>\n<p><\/strong><\/span><span>Duas s&atilde;o as op&ccedil;&otilde;es apontadas pelo Intervozes para a composi&ccedil;&atilde;o do conselho gestor da rede p&uacute;blica de radiodifus&atilde;o, ambas referenciadas em conselhos j&aacute; existentes, como o das Cidades e o da Sa&uacute;de. A primeira alternativa &eacute; a elei&ccedil;&atilde;o atrav&eacute;s de uma Confer&ecirc;ncia Nacional de Comunica&ccedil;&atilde;o, onde os segmentos indicam seus representantes, nos moldes do processo de composi&ccedil;&atilde;o do Conselho Nacional das Cidades. A segunda op&ccedil;&atilde;o &eacute; a elei&ccedil;&atilde;o direta, ou seja, a partir das entidades que se encaixem em par&acirc;metros previamente determinados, como acontece no modelo da Sa&uacute;de. Segundo a organiza&ccedil;&atilde;o, as duas propostas buscam garantir que o conselho tenha tanto independ&ecirc;ncia quanto representatividade. &ldquo;S&atilde;o experi&ecirc;ncias que foram inclusive impulsionadas ou melhoradas por este governo, ent&atilde;o n&atilde;o h&aacute; porque n&atilde;o t&ecirc;-las como refer&ecirc;ncia&rdquo;, defende Moyses.<\/p>\n<p><\/span><span>Nos pr&oacute;ximos dias, as entidades da sociedade civil que acompanham o processo de cria&ccedil;&atilde;o da emissora desde o F&oacute;rum de TVs P&uacute;blicas devem se reunir para discutir uma proposta conjunta para o modelo de gest&atilde;o. A inten&ccedil;&atilde;o &eacute; apresent&aacute;-la ao ministro Franklin Martins at&eacute; o in&iacute;cio da pr&oacute;xima semana. A decis&atilde;o definitiva sobre a forma de gest&atilde;o da nova TV p&uacute;blica deve sair at&eacute; o final de agosto, quando ser&aacute; expedida a Medida Provis&oacute;ria de sua cria&ccedil;&atilde;o. O que j&aacute; &eacute; poss&iacute;vel afirmar, no entanto, &eacute; que o governo parece disposto a desperdi&ccedil;ar o ac&uacute;mulo gerado desde o in&iacute;cio dos debates sobre a cria&ccedil;&atilde;o da emissora, descartando, inclusive, as contribui&ccedil;&otilde;es expressas na Carta de Bras&iacute;lia.<\/p>\n<p><\/span><span>&nbsp;<img loading=\"lazy\" decoding=\"async\" src=\"images\/stories\/politica_publicacoes\/c_invertido_pq.png\" alt=\"Active Image\" width=\"15\" height=\"15\" \/><\/span><\/p>\n","protected":false},"excerpt":{"rendered":"<p>Secretaria de Comunica\u00e7\u00e3o Social pretende que os principais \u00f3rg\u00e3os de gest\u00e3o da TV p\u00fablica sejam indicados pelo presidente, colocando em risco a independ\u00eancia da nova emissora e contrariando os princ\u00edpios estabelecidos no documento final do I F\u00f3rum de TVs P\u00fablicas.<\/p>\n","protected":false},"author":1,"featured_media":0,"comment_status":"open","ping_status":"open","sticky":false,"template":"","format":"standard","meta":{"footnotes":""},"categories":[40],"tags":[259],"_links":{"self":[{"href":"https:\/\/obscom.intervozes.org.br\/index.php?rest_route=\/wp\/v2\/posts\/18809"}],"collection":[{"href":"https:\/\/obscom.intervozes.org.br\/index.php?rest_route=\/wp\/v2\/posts"}],"about":[{"href":"https:\/\/obscom.intervozes.org.br\/index.php?rest_route=\/wp\/v2\/types\/post"}],"author":[{"embeddable":true,"href":"https:\/\/obscom.intervozes.org.br\/index.php?rest_route=\/wp\/v2\/users\/1"}],"replies":[{"embeddable":true,"href":"https:\/\/obscom.intervozes.org.br\/index.php?rest_route=%2Fwp%2Fv2%2Fcomments&post=18809"}],"version-history":[{"count":0,"href":"https:\/\/obscom.intervozes.org.br\/index.php?rest_route=\/wp\/v2\/posts\/18809\/revisions"}],"wp:attachment":[{"href":"https:\/\/obscom.intervozes.org.br\/index.php?rest_route=%2Fwp%2Fv2%2Fmedia&parent=18809"}],"wp:term":[{"taxonomy":"category","embeddable":true,"href":"https:\/\/obscom.intervozes.org.br\/index.php?rest_route=%2Fwp%2Fv2%2Fcategories&post=18809"},{"taxonomy":"post_tag","embeddable":true,"href":"https:\/\/obscom.intervozes.org.br\/index.php?rest_route=%2Fwp%2Fv2%2Ftags&post=18809"}],"curies":[{"name":"wp","href":"https:\/\/api.w.org\/{rel}","templated":true}]}}