{"id":18805,"date":"2007-07-23T11:43:51","date_gmt":"2007-07-23T11:43:51","guid":{"rendered":"https:\/\/obscom.intervozes.org.br\/wordpress\/?p=18805"},"modified":"2007-07-23T11:43:51","modified_gmt":"2007-07-23T11:43:51","slug":"radios-fazem-ato-de-repudio-a-politica-diferenciada-do-governo-federal","status":"publish","type":"post","link":"https:\/\/obscom.intervozes.org.br\/?p=18805","title":{"rendered":"R\u00e1dios fazem ato de rep\u00fadio \u00e0 pol\u00edtica &#8216;diferenciada&#8217; do governo federal"},"content":{"rendered":"<p>Rio de Janeiro &#8211; As r&aacute;dios comunit&aacute;rias, lideradas pela Rede Viva Rio de Radiodifus&atilde;o Comunit&aacute;ria (Revira), expressaram hoje (22), em manifesta&ccedil;&atilde;o realizada na praia de Copacabana, nesta capital, seu rep&uacute;dio ao que consideram uma pol&iacute;tica diferenciada do governo Luiz In&aacute;cio Lula da Silva em rela&ccedil;&atilde;o ao setor.<\/p>\n<p>O coordenador da Revira, Ti&atilde;o Santos,&nbsp; disse &agrave; Ag&ecirc;ncia Brasil que &ldquo;h&aacute; uma certa indigna&ccedil;&atilde;o&nbsp; do movimento das r&aacute;dios comunit&aacute;rias no Brasil, por conta de uma disparidade enorme. Quinze mil&nbsp; entidades&nbsp; no Brasil inteiro pediram autoriza&ccedil;&atilde;o de r&aacute;dio comunit&aacute;ria. E no processo todo, desde 1998, apenas tr&ecirc;s mil foram autorizadas. Em contrapartida, n&oacute;s tivemos cerca de nove mil r&aacute;dios fechadas, sendo mais de seis mil s&oacute; no governo Lula&rdquo;, denunciou Santos.<\/p>\n<p>O coordenador da Revira considerou um absurdo&nbsp; que o governo federal, &quot;apesar de ter um discurso popular, democr&aacute;tico, tem uma a&ccedil;&atilde;o arbitr&aacute;ria ao extremo de fechar mais de seis mil r&aacute;dios em cinco anos de governo&quot;. O movimento deste domingo visou repudiar a atitude do presidente da Rep&uacute;blica, que &ldquo;n&atilde;o d&aacute; valor &agrave;quilo que ele mesmo usa para fazer suas campanhas de a&ccedil;&atilde;o social&rdquo;.<\/p>\n<p>A Revira est&aacute; pedindo audi&ecirc;ncia ao ministro da Justi&ccedil;a, Tarso Genro, para tratar do assunto, uma vez que acusa o&nbsp; ministro das Comunica&ccedil;&otilde;es, H&eacute;lio Costa, de ter um&nbsp; posicionamento naturalmente&nbsp; contr&aacute;rio &agrave;s r&aacute;dios comunit&aacute;rias. A id&eacute;ia &eacute; levar o caso ao pr&oacute;prio presidente Lula, uma vez que n&atilde;o haveria condi&ccedil;&otilde;es de di&aacute;logo com o ministro da pasta.<\/p>\n<p>Santos afirmou que, ao mesmo tempo, o segmento constata que os tr&ecirc;s n&iacute;veis de&nbsp; governo&nbsp; usam as r&aacute;dios para fazer campanhas com os objetivos mais diversos, de sa&uacute;de, educa&ccedil;&atilde;o, meio ambiente. O Revira n&atilde;o &eacute; contra isso. &ldquo;Eles (os governos) devem usar. N&oacute;s achamos que o papel da r&aacute;dio &eacute; justamente esse, de prestar servi&ccedil;o &agrave; sociedade&rdquo;. O que a entidade n&atilde;o concorda &eacute; com o fechamento das r&aacute;dios comunit&aacute;rias.<\/p>\n<p>Os processos pedindo autoriza&ccedil;&atilde;o para funcionamento est&atilde;o arquivados, apontou Ti&atilde;o Santos. Segundo ele, n&atilde;o h&aacute; nenhuma boa vontade do ministro H&eacute;lio Costa em autorizar as r&aacute;dios. &ldquo;Para culminar com toda essa coisa, as r&aacute;dios comerciais fazem uma campanha vergonhosa, mentirosa, de que r&aacute;dio comunit&aacute;ria derruba avi&atilde;o, que &eacute; um mal para a sociedade. Isso tudo nos deixa indignados&nbsp; e levou a fazer essa manifesta&ccedil;&atilde;o em Copacabana&rdquo;, exp&ocirc;s o coordenador da Revira.<\/p>\n<p>Ti&atilde;o Santos negou que as r&aacute;dios comunit&aacute;rias sejam r&aacute;dios piratas. Ele assegurou que se trata de entidades constitu&iacute;das, que possuem endere&ccedil;o, Cadastro Nacional de Pessoal Jur&iacute;dica (CNPJ), diretoria e conselhos comunit&aacute;rios, e s&atilde;o geradoras de emprego e renda. &ldquo;O que acontece &eacute; que o governo n&atilde;o libera a autoriza&ccedil;&atilde;o que elas pediram h&aacute; muitos anos. Tem r&aacute;dio que tem oito anos esperando para ser autorizada, com burocracia impedindo, com quest&otilde;es pol&iacute;ticas inviabilizando&rdquo;.<\/p>\n<p>Santos denunciou, por outro lado,&nbsp; o fato de r&aacute;dios comerciais&nbsp; conseguirem autoriza&ccedil;&atilde;o de funcionamento em at&eacute; tr&ecirc;s meses, devido &agrave; influ&ecirc;ncia pol&iacute;tica de parlamentares. Muitas r&aacute;dios comunit&aacute;rias funcionam atrav&eacute;s de liminar judicial porque, frisou Ti&atilde;o Santos, &ldquo;o Estado n&atilde;o cumpre o seu papel&rdquo;.<\/p>\n<p>A estimativa da Revira &eacute; que, atualmente, cerca de 15 mil r&aacute;dios comunit&aacute;rias est&atilde;o em opera&ccedil;&atilde;o em todo o pa&iacute;s, das quais 600 no Estado do Rio de Janeiro, sendo 300 no Grande Rio. Ti&atilde;o Santos observou, por&eacute;m, que na capital fluminense somente duas r&aacute;dios foram autorizadas. &ldquo;&Eacute; um absurdo isso em dez anos de lei aprovada&rdquo;, citou.<\/p>\n<p><img loading=\"lazy\" decoding=\"async\" src=\"images\/stories\/politica_publicacoes\/cc_pq.png\" alt=\"Active Image\" width=\"15\" height=\"15\" \/><\/p>\n","protected":false},"excerpt":{"rendered":"<p>Rio de Janeiro &#8211; As r&aacute;dios comunit&aacute;rias, lideradas pela Rede Viva Rio de Radiodifus&atilde;o Comunit&aacute;ria (Revira), expressaram hoje (22), em manifesta&ccedil;&atilde;o realizada na praia de Copacabana, nesta capital, seu rep&uacute;dio ao que consideram uma pol&iacute;tica diferenciada do governo Luiz In&aacute;cio Lula da Silva em rela&ccedil;&atilde;o ao setor. O coordenador da Revira, Ti&atilde;o Santos,&nbsp; disse &agrave; &hellip; <a href=\"https:\/\/obscom.intervozes.org.br\/?p=18805\" class=\"more-link\">Continue lendo <span class=\"screen-reader-text\">R\u00e1dios fazem ato de rep\u00fadio \u00e0 pol\u00edtica &#8216;diferenciada&#8217; do governo federal<\/span> <span class=\"meta-nav\">&rarr;<\/span><\/a><\/p>\n","protected":false},"author":1,"featured_media":0,"comment_status":"open","ping_status":"open","sticky":false,"template":"","format":"standard","meta":{"footnotes":""},"categories":[40],"tags":[155],"_links":{"self":[{"href":"https:\/\/obscom.intervozes.org.br\/index.php?rest_route=\/wp\/v2\/posts\/18805"}],"collection":[{"href":"https:\/\/obscom.intervozes.org.br\/index.php?rest_route=\/wp\/v2\/posts"}],"about":[{"href":"https:\/\/obscom.intervozes.org.br\/index.php?rest_route=\/wp\/v2\/types\/post"}],"author":[{"embeddable":true,"href":"https:\/\/obscom.intervozes.org.br\/index.php?rest_route=\/wp\/v2\/users\/1"}],"replies":[{"embeddable":true,"href":"https:\/\/obscom.intervozes.org.br\/index.php?rest_route=%2Fwp%2Fv2%2Fcomments&post=18805"}],"version-history":[{"count":0,"href":"https:\/\/obscom.intervozes.org.br\/index.php?rest_route=\/wp\/v2\/posts\/18805\/revisions"}],"wp:attachment":[{"href":"https:\/\/obscom.intervozes.org.br\/index.php?rest_route=%2Fwp%2Fv2%2Fmedia&parent=18805"}],"wp:term":[{"taxonomy":"category","embeddable":true,"href":"https:\/\/obscom.intervozes.org.br\/index.php?rest_route=%2Fwp%2Fv2%2Fcategories&post=18805"},{"taxonomy":"post_tag","embeddable":true,"href":"https:\/\/obscom.intervozes.org.br\/index.php?rest_route=%2Fwp%2Fv2%2Ftags&post=18805"}],"curies":[{"name":"wp","href":"https:\/\/api.w.org\/{rel}","templated":true}]}}