{"id":18804,"date":"2007-07-23T11:38:22","date_gmt":"2007-07-23T11:38:22","guid":{"rendered":"https:\/\/obscom.intervozes.org.br\/wordpress\/?p=18804"},"modified":"2007-07-23T11:38:22","modified_gmt":"2007-07-23T11:38:22","slug":"ministro-e-tvs-discutem-regras-e-modelo-para-formacao-de-nova-rede-publica","status":"publish","type":"post","link":"https:\/\/obscom.intervozes.org.br\/?p=18804","title":{"rendered":"Ministro e TVs discutem regras e modelo para forma\u00e7\u00e3o de nova rede p\u00fablica"},"content":{"rendered":"<p>Bras&iacute;lia &#8211; A transi&ccedil;&atilde;o para um modelo de gest&atilde;o no processo de cria&ccedil;&atilde;o da rede p&uacute;blica de TV &eacute; algo crucial, na vis&atilde;o do ministro Franklin Martins, da Secretaria de Comunica&ccedil;&atilde;o Social. Ele participou hoje (20) de reuni&atilde;o com representantes da Associa&ccedil;&atilde;o Brasileira de Emissoras P&uacute;blicas, Educativas e Culturais (Abepec).<\/p>\n<p>&ldquo;Devemos aproveitar esse caldeir&atilde;o de discuss&atilde;o para impor nos estados uma mudan&ccedil;a no modelo de gest&atilde;o. Se n&oacute;s conseguirmos avan&ccedil;ar, teremos mais elementos para resistir a press&otilde;es pol&iacute;ticas locais&rdquo;, disse o ministro. <\/p>\n<p>A constru&ccedil;&atilde;o de uma rede nacional por essas TVs foi defendida pelo ministro Franklin Martins. Segundo ele, existe no Brasil uma cultura de transmiss&atilde;o em rede. &ldquo;Se n&oacute;s n&atilde;o tivermos uma rede nacional simult&acirc;nea, n&oacute;s n&atilde;o teremos escala para sermos apreciados ou criticados nacionalmente&rdquo;, argumentou. <\/p>\n<p>Franklin Martins tamb&eacute;m defendeu a abertura de espa&ccedil;o para a programa&ccedil;&atilde;o local, com no m&iacute;nimo quatro horas dedicadas a ela. &ldquo;Isso n&atilde;o &eacute; um luxo, &eacute; parte do projeto&rdquo;, disse o ministro. <\/p>\n<p>O ministro reconheceu que o governo tem que ter uma postura mais clara em rela&ccedil;&atilde;o &agrave;s emissoras de televis&atilde;o e r&aacute;dios comunit&aacute;rias. &ldquo;No caso das r&aacute;dios comunit&aacute;rias, a situa&ccedil;&atilde;o atual &eacute; de um absoluto faroeste. O governo tem que fazer um mutir&atilde;o e organizar para ver quem tem ou n&atilde;o direito&rdquo;, disse. <\/p>\n<p>O ministro ressaltou que a nova TV p&uacute;blica ir&aacute; auxiliar as TVs comunit&aacute;rias, que poder&atilde;o aproveitar a programa&ccedil;&atilde;o produzida. <\/p>\n<p>Tamb&eacute;m foi debatida, durante o evento, a possibilidade de criar faixas tem&aacute;ticas de programa&ccedil;&atilde;o, que dever&atilde;o ser seguidas pelas emissoras associadas. Assim, mesmo que as emissoras n&atilde;o transmitam o mesmo programa, dever&atilde;o respeitar, de acordo com o hor&aacute;rio, o tipo de programa&ccedil;&atilde;o que ser&aacute; exibido. <\/p>\n<p>Para Marco Ant&ocirc;nio Coelho, representante da TV Cultura, de S&atilde;o Paulo, o debate com o ministro mostra a disposi&ccedil;&atilde;o do governo federal em dialogar com todas as emissoras p&uacute;blicas j&aacute; existentes na constitui&ccedil;&atilde;o de algo novo. <\/p>\n<p>&ldquo;Esse di&aacute;logo refor&ccedil;a que o governo est&aacute; de acordo com os princ&iacute;pios estabelecidos no F&oacute;rum Nacional de TVs P&uacute;blicas&rdquo;, disse, em refer&ecirc;ncia ao evento que aconteceu em maio e de onde saiu uma carta com os princ&iacute;pios defendidos pelo conjunto das TVs p&uacute;blicas do pa&iacute;s para que seja formada a nova rede.<\/p>\n<p><img loading=\"lazy\" decoding=\"async\" src=\"images\/stories\/politica_publicacoes\/cc_pq.png\" alt=\"Active Image\" width=\"15\" height=\"15\" \/><\/p>\n","protected":false},"excerpt":{"rendered":"<p>Bras&iacute;lia &#8211; A transi&ccedil;&atilde;o para um modelo de gest&atilde;o no processo de cria&ccedil;&atilde;o da rede p&uacute;blica de TV &eacute; algo crucial, na vis&atilde;o do ministro Franklin Martins, da Secretaria de Comunica&ccedil;&atilde;o Social. Ele participou hoje (20) de reuni&atilde;o com representantes da Associa&ccedil;&atilde;o Brasileira de Emissoras P&uacute;blicas, Educativas e Culturais (Abepec). &ldquo;Devemos aproveitar esse caldeir&atilde;o de &hellip; <a href=\"https:\/\/obscom.intervozes.org.br\/?p=18804\" class=\"more-link\">Continue lendo <span class=\"screen-reader-text\">Ministro e TVs discutem regras e modelo para forma\u00e7\u00e3o de nova rede p\u00fablica<\/span> <span class=\"meta-nav\">&rarr;<\/span><\/a><\/p>\n","protected":false},"author":1,"featured_media":0,"comment_status":"open","ping_status":"open","sticky":false,"template":"","format":"standard","meta":{"footnotes":""},"categories":[40],"tags":[60],"_links":{"self":[{"href":"https:\/\/obscom.intervozes.org.br\/index.php?rest_route=\/wp\/v2\/posts\/18804"}],"collection":[{"href":"https:\/\/obscom.intervozes.org.br\/index.php?rest_route=\/wp\/v2\/posts"}],"about":[{"href":"https:\/\/obscom.intervozes.org.br\/index.php?rest_route=\/wp\/v2\/types\/post"}],"author":[{"embeddable":true,"href":"https:\/\/obscom.intervozes.org.br\/index.php?rest_route=\/wp\/v2\/users\/1"}],"replies":[{"embeddable":true,"href":"https:\/\/obscom.intervozes.org.br\/index.php?rest_route=%2Fwp%2Fv2%2Fcomments&post=18804"}],"version-history":[{"count":0,"href":"https:\/\/obscom.intervozes.org.br\/index.php?rest_route=\/wp\/v2\/posts\/18804\/revisions"}],"wp:attachment":[{"href":"https:\/\/obscom.intervozes.org.br\/index.php?rest_route=%2Fwp%2Fv2%2Fmedia&parent=18804"}],"wp:term":[{"taxonomy":"category","embeddable":true,"href":"https:\/\/obscom.intervozes.org.br\/index.php?rest_route=%2Fwp%2Fv2%2Fcategories&post=18804"},{"taxonomy":"post_tag","embeddable":true,"href":"https:\/\/obscom.intervozes.org.br\/index.php?rest_route=%2Fwp%2Fv2%2Ftags&post=18804"}],"curies":[{"name":"wp","href":"https:\/\/api.w.org\/{rel}","templated":true}]}}