{"id":18797,"date":"2007-07-20T15:44:20","date_gmt":"2007-07-20T15:44:20","guid":{"rendered":"https:\/\/obscom.intervozes.org.br\/wordpress\/?p=18797"},"modified":"2007-07-20T15:44:20","modified_gmt":"2007-07-20T15:44:20","slug":"educacao-lanca-edital-para-producao-de-conteudos-educacionais-digitais-multimidia","status":"publish","type":"post","link":"https:\/\/obscom.intervozes.org.br\/?p=18797","title":{"rendered":"Educa\u00e7\u00e3o lan\u00e7a edital para produ\u00e7\u00e3o de conte\u00fados educacionais digitais multim\u00eddia"},"content":{"rendered":"<div align=\"justify\"><span>O Minist&eacute;rio da Educa&ccedil;&atilde;o (MEC) acaba de lan&ccedil;ar, em parceria com o Minist&eacute;rio da Ci&ecirc;ncia e Tecnologia, um edital que apoiar&aacute; a produ&ccedil;&atilde;o de conte&uacute;dos educacionais digitais multim&iacute;dia nas &aacute;reas de matem&aacute;tica, l&iacute;ngua portuguesa, f&iacute;sica, biologia e qu&iacute;mica do ensino m&eacute;dio. A chamada conta com R$ 75 milh&otilde;es. A data limite para submiss&atilde;o das propostas &eacute; o dia 30 de setembro. <\/p>\n<p><\/span><span>O objetivo &eacute; dinamizar e modernizar o ensino p&uacute;blico por meio da utiliza&ccedil;&atilde;o de plataformas diferenciadas, como r&aacute;dio, televis&atilde;o e inform&aacute;tica. Poder&atilde;o apresentar projetos universidades, faculdades, centros tecnol&oacute;gicos, centros e museus de ci&ecirc;ncias, organiza&ccedil;&otilde;es da sociedade civil de interesse p&uacute;blico, organiza&ccedil;&otilde;es n&atilde;o-governamentais e centros de pesquisa brasileiros. <\/p>\n<p><\/span><span>As propostas ser&atilde;o avaliadas por uma comiss&atilde;o que conta com representantes do MEC e do MCT. A sele&ccedil;&atilde;o levar&aacute; em considera&ccedil;&atilde;o crit&eacute;rios como o m&eacute;rito da proposta; experi&ecirc;ncia das institui&ccedil;&otilde;es proponentes; infra-estrutura dispon&iacute;vel e condi&ccedil;&otilde;es de apoio para a execu&ccedil;&atilde;o do projeto; compet&ecirc;ncia, experi&ecirc;ncia e adequa&ccedil;&atilde;o do coordenador do projeto e das equipes cient&iacute;fico-tecnol&oacute;gicas. <\/p>\n<p><\/span><span>Cada institui&ccedil;&atilde;o poder&aacute; apresentar, no m&aacute;ximo, tr&ecirc;s propostas. Elas dever&atilde;o ser encaminhadas, pelos Correios, para o seguinte endere&ccedil;o: Minist&eacute;rio da Educa&ccedil;&atilde;o: Secretaria de Educa&ccedil;&atilde;o a Dist&acirc;ncia &ndash; Departamento de Produ&ccedil;&atilde;o e Capacita&ccedil;&atilde;o em Programas de EAD &ndash; Esplanada dos Minist&eacute;rios &ndash; Bloco L- 1&ordm; andar &ndash; 70047-900 &ndash; Bras&iacute;lia &ndash; DF. <\/p>\n<p><\/span><span>Para ter acesso &agrave; &iacute;ntegra da proposta, acesse este link. Outras informa&ccedil;&otilde;es podem ser obtidas pelo e-mail conteudosdigitais@mec.gov.br.<font face=\"Times New Roman\"><\/font><\/span><\/div>\n","protected":false},"excerpt":{"rendered":"<p>O Minist&eacute;rio da Educa&ccedil;&atilde;o (MEC) acaba de lan&ccedil;ar, em parceria com o Minist&eacute;rio da Ci&ecirc;ncia e Tecnologia, um edital que apoiar&aacute; a produ&ccedil;&atilde;o de conte&uacute;dos educacionais digitais multim&iacute;dia nas &aacute;reas de matem&aacute;tica, l&iacute;ngua portuguesa, f&iacute;sica, biologia e qu&iacute;mica do ensino m&eacute;dio. A chamada conta com R$ 75 milh&otilde;es. A data limite para submiss&atilde;o das propostas &hellip; <a href=\"https:\/\/obscom.intervozes.org.br\/?p=18797\" class=\"more-link\">Continue lendo <span class=\"screen-reader-text\">Educa\u00e7\u00e3o lan\u00e7a edital para produ\u00e7\u00e3o de conte\u00fados educacionais digitais multim\u00eddia<\/span> <span class=\"meta-nav\">&rarr;<\/span><\/a><\/p>\n","protected":false},"author":1,"featured_media":0,"comment_status":"open","ping_status":"open","sticky":false,"template":"","format":"standard","meta":{"footnotes":""},"categories":[40],"tags":[241],"_links":{"self":[{"href":"https:\/\/obscom.intervozes.org.br\/index.php?rest_route=\/wp\/v2\/posts\/18797"}],"collection":[{"href":"https:\/\/obscom.intervozes.org.br\/index.php?rest_route=\/wp\/v2\/posts"}],"about":[{"href":"https:\/\/obscom.intervozes.org.br\/index.php?rest_route=\/wp\/v2\/types\/post"}],"author":[{"embeddable":true,"href":"https:\/\/obscom.intervozes.org.br\/index.php?rest_route=\/wp\/v2\/users\/1"}],"replies":[{"embeddable":true,"href":"https:\/\/obscom.intervozes.org.br\/index.php?rest_route=%2Fwp%2Fv2%2Fcomments&post=18797"}],"version-history":[{"count":0,"href":"https:\/\/obscom.intervozes.org.br\/index.php?rest_route=\/wp\/v2\/posts\/18797\/revisions"}],"wp:attachment":[{"href":"https:\/\/obscom.intervozes.org.br\/index.php?rest_route=%2Fwp%2Fv2%2Fmedia&parent=18797"}],"wp:term":[{"taxonomy":"category","embeddable":true,"href":"https:\/\/obscom.intervozes.org.br\/index.php?rest_route=%2Fwp%2Fv2%2Fcategories&post=18797"},{"taxonomy":"post_tag","embeddable":true,"href":"https:\/\/obscom.intervozes.org.br\/index.php?rest_route=%2Fwp%2Fv2%2Ftags&post=18797"}],"curies":[{"name":"wp","href":"https:\/\/api.w.org\/{rel}","templated":true}]}}