{"id":18793,"date":"2007-07-20T15:16:28","date_gmt":"2007-07-20T15:16:28","guid":{"rendered":"https:\/\/obscom.intervozes.org.br\/wordpress\/?p=18793"},"modified":"2007-07-20T15:16:28","modified_gmt":"2007-07-20T15:16:28","slug":"chapa-1-vence-eleicoes-para-gestao-20072010-da-fenaj","status":"publish","type":"post","link":"https:\/\/obscom.intervozes.org.br\/?p=18793","title":{"rendered":"Chapa 1 vence elei\u00e7\u00f5es para gest\u00e3o 2007\/2010 da Fenaj"},"content":{"rendered":"<p>A Federa&ccedil;&atilde;o Nacional dos Jornalistas (Fenaj) j&aacute; sabe quem ir&aacute; comandar a entidade na gest&atilde;o 2007\/2010. A vencedora &eacute; a Chapa 1 &#8211; &quot;Orgulho de ser Fenaj&quot;, comandada pelo atual presidente, S&eacute;rgio Murillo de Andrade. &nbsp;A apura&ccedil;&atilde;o dos votos terminou na tarde na &uacute;ltima quinta-feira (19\/07).<\/p>\n<p>As informa&ccedil;&otilde;es s&atilde;o do Portal Imprensa.<\/p>\n","protected":false},"excerpt":{"rendered":"<p>A Federa&ccedil;&atilde;o Nacional dos Jornalistas (Fenaj) j&aacute; sabe quem ir&aacute; comandar a entidade na gest&atilde;o 2007\/2010. A vencedora &eacute; a Chapa 1 &#8211; &quot;Orgulho de ser Fenaj&quot;, comandada pelo atual presidente, S&eacute;rgio Murillo de Andrade. &nbsp;A apura&ccedil;&atilde;o dos votos terminou na tarde na &uacute;ltima quinta-feira (19\/07). As informa&ccedil;&otilde;es s&atilde;o do Portal Imprensa.<\/p>\n","protected":false},"author":1,"featured_media":0,"comment_status":"open","ping_status":"open","sticky":false,"template":"","format":"standard","meta":{"footnotes":""},"categories":[39],"tags":[],"_links":{"self":[{"href":"https:\/\/obscom.intervozes.org.br\/index.php?rest_route=\/wp\/v2\/posts\/18793"}],"collection":[{"href":"https:\/\/obscom.intervozes.org.br\/index.php?rest_route=\/wp\/v2\/posts"}],"about":[{"href":"https:\/\/obscom.intervozes.org.br\/index.php?rest_route=\/wp\/v2\/types\/post"}],"author":[{"embeddable":true,"href":"https:\/\/obscom.intervozes.org.br\/index.php?rest_route=\/wp\/v2\/users\/1"}],"replies":[{"embeddable":true,"href":"https:\/\/obscom.intervozes.org.br\/index.php?rest_route=%2Fwp%2Fv2%2Fcomments&post=18793"}],"version-history":[{"count":0,"href":"https:\/\/obscom.intervozes.org.br\/index.php?rest_route=\/wp\/v2\/posts\/18793\/revisions"}],"wp:attachment":[{"href":"https:\/\/obscom.intervozes.org.br\/index.php?rest_route=%2Fwp%2Fv2%2Fmedia&parent=18793"}],"wp:term":[{"taxonomy":"category","embeddable":true,"href":"https:\/\/obscom.intervozes.org.br\/index.php?rest_route=%2Fwp%2Fv2%2Fcategories&post=18793"},{"taxonomy":"post_tag","embeddable":true,"href":"https:\/\/obscom.intervozes.org.br\/index.php?rest_route=%2Fwp%2Fv2%2Ftags&post=18793"}],"curies":[{"name":"wp","href":"https:\/\/api.w.org\/{rel}","templated":true}]}}