{"id":18775,"date":"2007-07-18T17:08:03","date_gmt":"2007-07-18T17:08:03","guid":{"rendered":"https:\/\/obscom.intervozes.org.br\/wordpress\/?p=18775"},"modified":"2007-07-18T17:08:03","modified_gmt":"2007-07-18T17:08:03","slug":"uniao-europeia-adota-padrao-dvb-h-para-tv-movel","status":"publish","type":"post","link":"https:\/\/obscom.intervozes.org.br\/?p=18775","title":{"rendered":"Uni\u00e3o Europ\u00e9ia adota padr\u00e3o DVB-H para TV m\u00f3vel"},"content":{"rendered":"<p style=\"margin: 0cm 0cm 0pt\" class=\"MsoNormal\"><span>A Comiss&atilde;o Europ&eacute;ia decidiu adotar uma norma de difus&atilde;o &uacute;nica para a futura televis&atilde;o m&oacute;vel. Com isso, a Comiss&atilde;o quer&nbsp;estimular os pa&iacute;ses membros, operadoras e difusores a utilizar estas normas para a difus&atilde;o de programas por meio de celulares e outros dispositivos m&oacute;veis de v&iacute;deo.&nbsp;<\/span><span>Em 2008 a norma DVB-H, j&aacute; em funcionamento na Finl&acirc;ndia, pode at&eacute; se tornar obrigat&oacute;ria em casos em que ocorra conflito de tecnologias entre os diferentes pa&iacute;ses da UE. <\/span><\/p>\n","protected":false},"excerpt":{"rendered":"<p>A Comiss&atilde;o Europ&eacute;ia decidiu adotar uma norma de difus&atilde;o &uacute;nica para a futura televis&atilde;o m&oacute;vel. Com isso, a Comiss&atilde;o quer&nbsp;estimular os pa&iacute;ses membros, operadoras e difusores a utilizar estas normas para a difus&atilde;o de programas por meio de celulares e outros dispositivos m&oacute;veis de v&iacute;deo.&nbsp;Em 2008 a norma DVB-H, j&aacute; em funcionamento na Finl&acirc;ndia, pode &hellip; <a href=\"https:\/\/obscom.intervozes.org.br\/?p=18775\" class=\"more-link\">Continue lendo <span class=\"screen-reader-text\">Uni\u00e3o Europ\u00e9ia adota padr\u00e3o DVB-H para TV m\u00f3vel<\/span> <span class=\"meta-nav\">&rarr;<\/span><\/a><\/p>\n","protected":false},"author":1,"featured_media":0,"comment_status":"open","ping_status":"open","sticky":false,"template":"","format":"standard","meta":{"footnotes":""},"categories":[39],"tags":[],"_links":{"self":[{"href":"https:\/\/obscom.intervozes.org.br\/index.php?rest_route=\/wp\/v2\/posts\/18775"}],"collection":[{"href":"https:\/\/obscom.intervozes.org.br\/index.php?rest_route=\/wp\/v2\/posts"}],"about":[{"href":"https:\/\/obscom.intervozes.org.br\/index.php?rest_route=\/wp\/v2\/types\/post"}],"author":[{"embeddable":true,"href":"https:\/\/obscom.intervozes.org.br\/index.php?rest_route=\/wp\/v2\/users\/1"}],"replies":[{"embeddable":true,"href":"https:\/\/obscom.intervozes.org.br\/index.php?rest_route=%2Fwp%2Fv2%2Fcomments&post=18775"}],"version-history":[{"count":0,"href":"https:\/\/obscom.intervozes.org.br\/index.php?rest_route=\/wp\/v2\/posts\/18775\/revisions"}],"wp:attachment":[{"href":"https:\/\/obscom.intervozes.org.br\/index.php?rest_route=%2Fwp%2Fv2%2Fmedia&parent=18775"}],"wp:term":[{"taxonomy":"category","embeddable":true,"href":"https:\/\/obscom.intervozes.org.br\/index.php?rest_route=%2Fwp%2Fv2%2Fcategories&post=18775"},{"taxonomy":"post_tag","embeddable":true,"href":"https:\/\/obscom.intervozes.org.br\/index.php?rest_route=%2Fwp%2Fv2%2Ftags&post=18775"}],"curies":[{"name":"wp","href":"https:\/\/api.w.org\/{rel}","templated":true}]}}