{"id":18773,"date":"2007-07-18T13:46:48","date_gmt":"2007-07-18T13:46:48","guid":{"rendered":"https:\/\/obscom.intervozes.org.br\/wordpress\/?p=18773"},"modified":"2007-07-18T13:46:48","modified_gmt":"2007-07-18T13:46:48","slug":"comeca-a-consulta-publica-para-os-servicos-3g","status":"publish","type":"post","link":"https:\/\/obscom.intervozes.org.br\/?p=18773","title":{"rendered":"Come\u00e7a a consulta p\u00fablica para os servi\u00e7os 3G"},"content":{"rendered":"<p>A Anatel colocou nesta ter&ccedil;a-feira, 17, sob consulta p&uacute;blica a proposta de edital para os servi&ccedil;os de terceira gera&ccedil;&atilde;o. O texto que se encontra sob a Consulta P&uacute;blica n&ordm; 802, de 13 de julho de 2007, receber&aacute; contribui&ccedil;&otilde;es da sociedade at&eacute; o dia 20 de agosto de 2007.<\/p>\n<p>Segundo previs&atilde;o da Anatel, o edital de licita&ccedil;&atilde;o de 3G dever&aacute; ser lan&ccedil;ado no come&ccedil;o de outubro e o leil&atilde;o dever&aacute; ocorrer entre novembro e dezembro. O edital proposto, aprovado em 12 de julho pelo Conselho Diretor da ag&ecirc;ncia, cria mecanismos que tornar&atilde;o poss&iacute;vel a cobertura de todos os munic&iacute;pios brasileiros. <\/p>\n","protected":false},"excerpt":{"rendered":"<p>A Anatel colocou nesta ter&ccedil;a-feira, 17, sob consulta p&uacute;blica a proposta de edital para os servi&ccedil;os de terceira gera&ccedil;&atilde;o. O texto que se encontra sob a Consulta P&uacute;blica n&ordm; 802, de 13 de julho de 2007, receber&aacute; contribui&ccedil;&otilde;es da sociedade at&eacute; o dia 20 de agosto de 2007. Segundo previs&atilde;o da Anatel, o edital de &hellip; <a href=\"https:\/\/obscom.intervozes.org.br\/?p=18773\" class=\"more-link\">Continue lendo <span class=\"screen-reader-text\">Come\u00e7a a consulta p\u00fablica para os servi\u00e7os 3G<\/span> <span class=\"meta-nav\">&rarr;<\/span><\/a><\/p>\n","protected":false},"author":1,"featured_media":0,"comment_status":"open","ping_status":"open","sticky":false,"template":"","format":"standard","meta":{"footnotes":""},"categories":[39],"tags":[],"_links":{"self":[{"href":"https:\/\/obscom.intervozes.org.br\/index.php?rest_route=\/wp\/v2\/posts\/18773"}],"collection":[{"href":"https:\/\/obscom.intervozes.org.br\/index.php?rest_route=\/wp\/v2\/posts"}],"about":[{"href":"https:\/\/obscom.intervozes.org.br\/index.php?rest_route=\/wp\/v2\/types\/post"}],"author":[{"embeddable":true,"href":"https:\/\/obscom.intervozes.org.br\/index.php?rest_route=\/wp\/v2\/users\/1"}],"replies":[{"embeddable":true,"href":"https:\/\/obscom.intervozes.org.br\/index.php?rest_route=%2Fwp%2Fv2%2Fcomments&post=18773"}],"version-history":[{"count":0,"href":"https:\/\/obscom.intervozes.org.br\/index.php?rest_route=\/wp\/v2\/posts\/18773\/revisions"}],"wp:attachment":[{"href":"https:\/\/obscom.intervozes.org.br\/index.php?rest_route=%2Fwp%2Fv2%2Fmedia&parent=18773"}],"wp:term":[{"taxonomy":"category","embeddable":true,"href":"https:\/\/obscom.intervozes.org.br\/index.php?rest_route=%2Fwp%2Fv2%2Fcategories&post=18773"},{"taxonomy":"post_tag","embeddable":true,"href":"https:\/\/obscom.intervozes.org.br\/index.php?rest_route=%2Fwp%2Fv2%2Ftags&post=18773"}],"curies":[{"name":"wp","href":"https:\/\/api.w.org\/{rel}","templated":true}]}}