{"id":18772,"date":"2007-07-18T13:05:45","date_gmt":"2007-07-18T13:05:45","guid":{"rendered":"https:\/\/obscom.intervozes.org.br\/wordpress\/?p=18772"},"modified":"2007-07-18T13:05:45","modified_gmt":"2007-07-18T13:05:45","slug":"cineclubes-articulam-criacao-da-federacao-latino-americana","status":"publish","type":"post","link":"https:\/\/obscom.intervozes.org.br\/?p=18772","title":{"rendered":"Cineclubes articulam cria\u00e7\u00e3o da Federa\u00e7\u00e3o Latino-Americana"},"content":{"rendered":"<p><span>Reunidos no 3&ordm; Encontro Ibero-americano de Cineclubes realizado de 11 a 14 de julho em Santa Maria (RS), representantes dos cineclubes de pa&iacute;ses latino-americanos presentes, resolveram instituir uma Comiss&atilde;o Pr&oacute;-Federa&ccedil;&atilde;o Latino-Americana de Cineclubes, cujo principal objetivo ser&aacute; o de fortalecer e coordenar a&ccedil;&otilde;es conjuntas entre as Federa&ccedil;&otilde;es Nacionais e Cineclubes em atividade no continente. <\/p>\n<p><\/span><span>Segundo o Vice-Presidente da FICC &#8211; Federa&ccedil;&atilde;o Internacional de Cineclubes e Presidente do CNC &#8211; Conselho Nacional de Cineclubes Brasileiros, Antonio Claudino de Jesus a cria&ccedil;&atilde;o da nova entidade poder&aacute; ocorrer j&aacute; no pr&oacute;ximo ano, quando se pretende realizar o I Encontro Latino-Americano de Cineclubes, durante a 27&ordf; Jornada Nacional de Cineclubes, prevista para acontecer no m&ecirc;s de agosto de 2007, no Estado do Rio de Janeiro. <\/span><span>&nbsp;<\/p>\n<p><\/span><span>Ainda segundo Claudino, o Encontro deliberou ainda pela convoca&ccedil;&atilde;o pela FICC de uma Confer&ecirc;ncia Mundial de Cineclubismo com o objetivo de divulgar e popularizar o movimento por todo o mundo. A data e o local da confer&ecirc;ncia dever&atilde;o ser tema do pr&oacute;ximo encontro da FICC. <\/span><span>&nbsp;<\/p>\n<p><\/span><span>O 3&ordm; Encontro IberoAmericano de Cineclubes registrou ainda a assinatura de conv&ecirc;nio entre o CNC e a TV Brasil Canal Integracion e ainda o lan&ccedil;amento do Cat&aacute;logo Cine Sud &#8211; Cines do Sul que j&aacute; disponibiliza um acervo de cerca de 90 t&iacute;tulos para exibi&ccedil;&otilde;es em cineclubes e entidades sem fins lucrativos. <\/span><span>&nbsp;<\/p>\n<p><\/span><span>Comemorativo aos 60 anos da Federa&ccedil;&atilde;o Internacional de Cineclubes, o encontro foi prestigiado pela participa&ccedil;&atilde;o do presidente da entidade, Paolo Minuto. Na solenidade de abertura, foi&nbsp;homenageado o cineasta brasileiro Geraldo Moraes. <\/span><span>&nbsp;<\/span><span>&nbsp;<\/p>\n<p><\/span><span>*<\/span>&nbsp;<\/p>\n<p><span>Confira abaixo o documento final do 3&ordm; Encontro Ibero-Americano de Cineclubes.<\/span><span>&nbsp;<\/p>\n<p><\/span><span><strong>Carta do Rio Grande do Sul, 2007 <\/strong><\/span><span>&nbsp;<\/p>\n<p><\/span><span>Reconhecendo a evolu&ccedil;&atilde;o, a pertin&ecirc;ncia e o sentido de nossos projetos, os integrantes da comunidade latino-americana de cineclubes divulgamos esta Carta com o objetivo de difundir as conclus&otilde;es do nosso 3&ordm; Encontro Ibero-Americano de Cineclubes, nas quais sintetizamos as discuss&otilde;es realizadas durante o 6&ordm;. Santa Maria V&iacute;deo e Cinema, de 12 a14 de julho de 2007. Assim, resolvemos: <\/span><span>&nbsp;<\/p>\n<p><\/span><span>1. A cria&ccedil;&atilde;o de uma Comiss&atilde;o Pr&oacute; Federa&ccedil;&atilde;o Latino-Americana de Cineclubes para encaminhar a organiza&ccedil;&atilde;o de uma nova entidade, que coordene e fortaleza nossas atividades regionais;<\/span><span>&nbsp;<\/p>\n<p><\/span><span>2. A organiza&ccedil;&atilde;o de uma Coordena&ccedil;&atilde;o de Interc&acirc;mbio e de uma Coordena&ccedil;&atilde;o de Rela&ccedil;&otilde;es Institucionais para promover acordos,<\/span><span>conv&ecirc;nios e outros a&ccedil;&otilde;es com institui&ccedil;&otilde;es e organismos diversos, em nosso Continente;<\/span><span>&nbsp;<\/p>\n<p><\/span><span>3. Apoio &agrave; iniciativa do PopCine &ndash; Circuito Popular de Cinema, para a cria&ccedil;&atilde;o de uma rede de salas populares no Brasil, com possibilidade de amplia&ccedil;&atilde;o na Am&eacute;rica Latina;<\/span><span>&nbsp;<\/p>\n<p><\/span><span>4. Institucionaliza&ccedil;&atilde;o de CineSud, Cines do Sul, como projeto de distribui&ccedil;&atilde;o para cineclubes e cinemas sem fins lucrativos, e<\/span><span>&nbsp;<\/p>\n<p><\/span><span>5. A organiza&ccedil;&atilde;o de uma Confer&ecirc;ncia Mundial de Cineclubismo, com objetivo de divulgar e popularizar os perf&iacute;s e horizontes dos<\/span><span>cineclubes nas diversas partes do mundo.<\/span><span>&nbsp;<\/p>\n<p><\/span><span>Assim, convocamos a realiza&ccedil;&atilde;o do nosso pr&oacute;ximo Encontro Latino-Americano para ag&ocirc;sto de 2008, no Rio de Janeiro, RJ, Brasil, <\/span><span>por ocasi&atilde;o da 27&ordf; Jornada Nacional de Cineclubes brasileiros. <\/span><span>&nbsp;<\/p>\n<p><\/span><span>Santa Maria, 14 de julho de 2007.<\/span><\/p>\n","protected":false},"excerpt":{"rendered":"<p>Reunidos no 3&ordm; Encontro Ibero-americano de Cineclubes realizado de 11 a 14 de julho em Santa Maria (RS), representantes dos cineclubes de pa&iacute;ses latino-americanos presentes, resolveram instituir uma Comiss&atilde;o Pr&oacute;-Federa&ccedil;&atilde;o Latino-Americana de Cineclubes, cujo principal objetivo ser&aacute; o de fortalecer e coordenar a&ccedil;&otilde;es conjuntas entre as Federa&ccedil;&otilde;es Nacionais e Cineclubes em atividade no continente. Segundo &hellip; <a href=\"https:\/\/obscom.intervozes.org.br\/?p=18772\" class=\"more-link\">Continue lendo <span class=\"screen-reader-text\">Cineclubes articulam cria\u00e7\u00e3o da Federa\u00e7\u00e3o Latino-Americana<\/span> <span class=\"meta-nav\">&rarr;<\/span><\/a><\/p>\n","protected":false},"author":1,"featured_media":0,"comment_status":"open","ping_status":"open","sticky":false,"template":"","format":"standard","meta":{"footnotes":""},"categories":[40],"tags":[120],"_links":{"self":[{"href":"https:\/\/obscom.intervozes.org.br\/index.php?rest_route=\/wp\/v2\/posts\/18772"}],"collection":[{"href":"https:\/\/obscom.intervozes.org.br\/index.php?rest_route=\/wp\/v2\/posts"}],"about":[{"href":"https:\/\/obscom.intervozes.org.br\/index.php?rest_route=\/wp\/v2\/types\/post"}],"author":[{"embeddable":true,"href":"https:\/\/obscom.intervozes.org.br\/index.php?rest_route=\/wp\/v2\/users\/1"}],"replies":[{"embeddable":true,"href":"https:\/\/obscom.intervozes.org.br\/index.php?rest_route=%2Fwp%2Fv2%2Fcomments&post=18772"}],"version-history":[{"count":0,"href":"https:\/\/obscom.intervozes.org.br\/index.php?rest_route=\/wp\/v2\/posts\/18772\/revisions"}],"wp:attachment":[{"href":"https:\/\/obscom.intervozes.org.br\/index.php?rest_route=%2Fwp%2Fv2%2Fmedia&parent=18772"}],"wp:term":[{"taxonomy":"category","embeddable":true,"href":"https:\/\/obscom.intervozes.org.br\/index.php?rest_route=%2Fwp%2Fv2%2Fcategories&post=18772"},{"taxonomy":"post_tag","embeddable":true,"href":"https:\/\/obscom.intervozes.org.br\/index.php?rest_route=%2Fwp%2Fv2%2Ftags&post=18772"}],"curies":[{"name":"wp","href":"https:\/\/api.w.org\/{rel}","templated":true}]}}