{"id":18771,"date":"2007-07-18T12:31:57","date_gmt":"2007-07-18T12:31:57","guid":{"rendered":"https:\/\/obscom.intervozes.org.br\/wordpress\/?p=18771"},"modified":"2007-07-18T12:31:57","modified_gmt":"2007-07-18T12:31:57","slug":"para-teles-fixas-congresso-nao-e-neutro-para-discutir-convergencia","status":"publish","type":"post","link":"https:\/\/obscom.intervozes.org.br\/?p=18771","title":{"rendered":"Para teles fixas, Congresso n\u00e3o \u00e9 neutro para discutir converg\u00eancia"},"content":{"rendered":"<p>Jos&eacute; Fernandes Pauletti, presidente da Abrafix (associa&ccedil;&atilde;o que representa os interesses das concession&aacute;rias de telefonia fixa), disse nesta ter&ccedil;a, 17, que&nbsp; uma parcela significativa do Congresso e tamb&eacute;m do Executivo est&aacute; diretamente ligada ao setor de radiodifus&atilde;o, o que compromete a neutralidade na elabora&ccedil;&atilde;o de um marco regulat&oacute;rio para a converg&ecirc;ncia. &quot;Falta neutralidade do Congresso e do Executivo nesse processo&quot;. Pauletti falou durante a 3&ordf; Jornada Nacional de Direitos de Telecomunica&ccedil;&otilde;es, organizada pela ABDI (Associa&ccedil;&atilde;o Brasileira de Direito de Inform&aacute;tica).<\/p>\n","protected":false},"excerpt":{"rendered":"<p>Jos&eacute; Fernandes Pauletti, presidente da Abrafix (associa&ccedil;&atilde;o que representa os interesses das concession&aacute;rias de telefonia fixa), disse nesta ter&ccedil;a, 17, que&nbsp; uma parcela significativa do Congresso e tamb&eacute;m do Executivo est&aacute; diretamente ligada ao setor de radiodifus&atilde;o, o que compromete a neutralidade na elabora&ccedil;&atilde;o de um marco regulat&oacute;rio para a converg&ecirc;ncia. &quot;Falta neutralidade do Congresso &hellip; <a href=\"https:\/\/obscom.intervozes.org.br\/?p=18771\" class=\"more-link\">Continue lendo <span class=\"screen-reader-text\">Para teles fixas, Congresso n\u00e3o \u00e9 neutro para discutir converg\u00eancia<\/span> <span class=\"meta-nav\">&rarr;<\/span><\/a><\/p>\n","protected":false},"author":1,"featured_media":0,"comment_status":"open","ping_status":"open","sticky":false,"template":"","format":"standard","meta":{"footnotes":""},"categories":[39],"tags":[],"_links":{"self":[{"href":"https:\/\/obscom.intervozes.org.br\/index.php?rest_route=\/wp\/v2\/posts\/18771"}],"collection":[{"href":"https:\/\/obscom.intervozes.org.br\/index.php?rest_route=\/wp\/v2\/posts"}],"about":[{"href":"https:\/\/obscom.intervozes.org.br\/index.php?rest_route=\/wp\/v2\/types\/post"}],"author":[{"embeddable":true,"href":"https:\/\/obscom.intervozes.org.br\/index.php?rest_route=\/wp\/v2\/users\/1"}],"replies":[{"embeddable":true,"href":"https:\/\/obscom.intervozes.org.br\/index.php?rest_route=%2Fwp%2Fv2%2Fcomments&post=18771"}],"version-history":[{"count":0,"href":"https:\/\/obscom.intervozes.org.br\/index.php?rest_route=\/wp\/v2\/posts\/18771\/revisions"}],"wp:attachment":[{"href":"https:\/\/obscom.intervozes.org.br\/index.php?rest_route=%2Fwp%2Fv2%2Fmedia&parent=18771"}],"wp:term":[{"taxonomy":"category","embeddable":true,"href":"https:\/\/obscom.intervozes.org.br\/index.php?rest_route=%2Fwp%2Fv2%2Fcategories&post=18771"},{"taxonomy":"post_tag","embeddable":true,"href":"https:\/\/obscom.intervozes.org.br\/index.php?rest_route=%2Fwp%2Fv2%2Ftags&post=18771"}],"curies":[{"name":"wp","href":"https:\/\/api.w.org\/{rel}","templated":true}]}}