{"id":18751,"date":"2007-07-17T12:26:14","date_gmt":"2007-07-17T12:26:14","guid":{"rendered":"https:\/\/obscom.intervozes.org.br\/wordpress\/?p=18751"},"modified":"2007-07-17T12:26:14","modified_gmt":"2007-07-17T12:26:14","slug":"classificacao-indicativa-nao-e-censura-diz-diretor-da-mtv","status":"publish","type":"post","link":"https:\/\/obscom.intervozes.org.br\/?p=18751","title":{"rendered":"Classifica\u00e7\u00e3o indicativa n\u00e3o \u00e9 censura, diz diretor da MTV"},"content":{"rendered":"<p>O diretor de programa&ccedil;&atilde;o da MTV, Zico G&oacute;es, ap&oacute;ia as novas regras para classifica&ccedil;&atilde;o indicativa na televis&atilde;o, em vigor desde a &uacute;ltima quinta-feira (12), e acha que o objetivo principal &eacute; proteger crian&ccedil;as e jovens. Para ele, quem fala em censura esconde o medo de perder dinheiro com poss&iacute;veis mudan&ccedil;as em programas de audi&ecirc;ncia alta, como telenovelas.<\/p>\n<p>&ldquo;Essa hist&oacute;ria de classifica&ccedil;&atilde;o indicativa tem simplesmente a ver com a preserva&ccedil;&atilde;o do direito do menor. N&atilde;o tem nada a ver com liberdade de express&atilde;o ou volta da censura&rdquo;, disse G&oacute;es em entrevista &agrave; Ag&ecirc;ncia Brasil, acrescentando que a MTV adota algumas regras desde 12 de maio.<\/p>\n<p>Uma das mudan&ccedil;as estabelecidas pelo governo federal &eacute; a obriga&ccedil;&atilde;o de exibir a recomenda&ccedil;&atilde;o et&aacute;ria durante cinco segundos antes do in&iacute;cio de cada programa. Com rela&ccedil;&atilde;o &agrave; an&aacute;lise pr&eacute;via do material, agora a emissora deve preencher um formul&aacute;rio e encaminh&aacute;-lo ao minist&eacute;rio, que autoriza a publica&ccedil;&atilde;o no Di&aacute;rio Oficial da Uni&atilde;o (DOU) com a classifica&ccedil;&atilde;o estabelecida pela pr&oacute;pria empresa.<\/p>\n<p>Caso a emissora descumpra a classifica&ccedil;&atilde;o, o Minist&eacute;rio da Justi&ccedil;a encaminha as informa&ccedil;&otilde;es ao Minist&eacute;rio P&uacute;blico, que poder&aacute; acionar o Poder Judici&aacute;rio e mover uma a&ccedil;&atilde;o judicial. As emissoras ter&atilde;o 180 dias para se adequar.<\/p>\n<p><strong>O que a MTV achou das novas regras?<br \/><\/strong>Zico G&oacute;es: Isso j&aacute; era tend&ecirc;ncia. A gente j&aacute; sabia, j&aacute; estava acompanhando de perto. A mudan&ccedil;a &eacute; que as TVs ficam elas pr&oacute;prias respons&aacute;veis pela classifica&ccedil;&atilde;o. Acho que &eacute; o ideal e isso seria ideal se as TVs n&atilde;o fossem raposas tomando conta do galinheiro &#8211; em sua maioria, pelo menos. Existe esse risco, mas o ideal mesmo &eacute; que o setor se auto-regulamentasse e tivesse a responsabilidade de classificar os programas de acordo com o bom senso.<\/p>\n<p><strong>Voc&ecirc; acredita que as TVs podem prejudicar a classifica&ccedil;&atilde;o, de alguma forma?<br \/><\/strong>G&oacute;es: N&atilde;o tenha d&uacute;vida que o lobby das TVs comerciais foi bastante forte e o governo acabou tendo que ceder. Isso foi uma pena, no meu entender. A &uacute;nica coisa legal disso tudo &eacute; que as TVs passam a ser as respons&aacute;veis pela classifica&ccedil;&atilde;o, n&atilde;o precisam submeter o programa ou mandar fita para o minist&eacute;rio. &Eacute; um bom passo. Mas precisa ver se as TVs realmente v&atilde;o cumprir isso. Se v&atilde;o classificar os programas de acordo com o bom senso, com aqueles crit&eacute;rios que o pr&oacute;prio minist&eacute;rio tinha divulgado e que a gente concorda plenamente. Essa hist&oacute;ria de classifica&ccedil;&atilde;o indicativa tem simplesmente a ver com a preserva&ccedil;&atilde;o do direito do menor. N&atilde;o tem nada a ver com liberdade de express&atilde;o ou volta da censura.<\/p>\n<p><strong>No caso de descumprirem a portaria, as TVs deveriam ser punidas?<br \/><\/strong>G&oacute;es: Acho que sim, talvez seja uma falha nessa lei: uma lei que n&atilde;o prev&ecirc; puni&ccedil;&atilde;o n&atilde;o &eacute; uma lei. Enfim: voc&ecirc; &eacute; obrigado a fazer isso, mas se voc&ecirc; n&atilde;o fizer, n&atilde;o acontece nada. Ent&atilde;o n&atilde;o sou obrigado a fazer, ningu&eacute;m vai fazer. A MTV vai continuar a fazer, e n&atilde;o porque &eacute; obrigada, mas porque acredita que tem que fazer, para preservar o direito da crian&ccedil;a e do adolescente. Isso a sociedade combinou e as televis&otilde;es t&ecirc;m de entender. Mas n&atilde;o entenderam. Gritaram e alegaram que era contra a liberdade de express&atilde;o, o que &eacute; uma balela, e acabaram conseguindo ficar por isso mesmo [referindo-se &agrave;s reivindica&ccedil;&otilde;es da Associa&ccedil;&atilde;o Brasileira de Emissoras de R&aacute;dio e Televis&atilde;o (Abert), que acabaram atrasando a entrada em vigor das novas regras].<\/p>\n<p><img loading=\"lazy\" decoding=\"async\" src=\"images\/stories\/politica_publicacoes\/cc_pq.png\" alt=\"Active Image\" width=\"15\" height=\"15\" \/><\/p>\n","protected":false},"excerpt":{"rendered":"<p>O diretor de programa&ccedil;&atilde;o da MTV, Zico G&oacute;es, ap&oacute;ia as novas regras para classifica&ccedil;&atilde;o indicativa na televis&atilde;o, em vigor desde a &uacute;ltima quinta-feira (12), e acha que o objetivo principal &eacute; proteger crian&ccedil;as e jovens. Para ele, quem fala em censura esconde o medo de perder dinheiro com poss&iacute;veis mudan&ccedil;as em programas de audi&ecirc;ncia alta, &hellip; <a href=\"https:\/\/obscom.intervozes.org.br\/?p=18751\" class=\"more-link\">Continue lendo <span class=\"screen-reader-text\">Classifica\u00e7\u00e3o indicativa n\u00e3o \u00e9 censura, diz diretor da MTV<\/span> <span class=\"meta-nav\">&rarr;<\/span><\/a><\/p>\n","protected":false},"author":1,"featured_media":0,"comment_status":"open","ping_status":"open","sticky":false,"template":"","format":"standard","meta":{"footnotes":""},"categories":[40],"tags":[294],"_links":{"self":[{"href":"https:\/\/obscom.intervozes.org.br\/index.php?rest_route=\/wp\/v2\/posts\/18751"}],"collection":[{"href":"https:\/\/obscom.intervozes.org.br\/index.php?rest_route=\/wp\/v2\/posts"}],"about":[{"href":"https:\/\/obscom.intervozes.org.br\/index.php?rest_route=\/wp\/v2\/types\/post"}],"author":[{"embeddable":true,"href":"https:\/\/obscom.intervozes.org.br\/index.php?rest_route=\/wp\/v2\/users\/1"}],"replies":[{"embeddable":true,"href":"https:\/\/obscom.intervozes.org.br\/index.php?rest_route=%2Fwp%2Fv2%2Fcomments&post=18751"}],"version-history":[{"count":0,"href":"https:\/\/obscom.intervozes.org.br\/index.php?rest_route=\/wp\/v2\/posts\/18751\/revisions"}],"wp:attachment":[{"href":"https:\/\/obscom.intervozes.org.br\/index.php?rest_route=%2Fwp%2Fv2%2Fmedia&parent=18751"}],"wp:term":[{"taxonomy":"category","embeddable":true,"href":"https:\/\/obscom.intervozes.org.br\/index.php?rest_route=%2Fwp%2Fv2%2Fcategories&post=18751"},{"taxonomy":"post_tag","embeddable":true,"href":"https:\/\/obscom.intervozes.org.br\/index.php?rest_route=%2Fwp%2Fv2%2Ftags&post=18751"}],"curies":[{"name":"wp","href":"https:\/\/api.w.org\/{rel}","templated":true}]}}