{"id":18749,"date":"2007-07-16T21:26:12","date_gmt":"2007-07-16T21:26:12","guid":{"rendered":"https:\/\/obscom.intervozes.org.br\/wordpress\/?p=18749"},"modified":"2007-07-16T21:26:12","modified_gmt":"2007-07-16T21:26:12","slug":"nova-emissora-publica-ja-prepara-estrutura-em-sao-paulo","status":"publish","type":"post","link":"https:\/\/obscom.intervozes.org.br\/?p=18749","title":{"rendered":"Nova emissora p\u00fablica j\u00e1 prepara estrutura em S\u00e3o Paulo"},"content":{"rendered":"<p>A TV Brasil, nome da TV p&uacute;blica em fase de montagem pelo Governo Federal, n&atilde;o ficar&aacute; sediada apenas em Bras&iacute;lia e Rio, onde est&atilde;o, respectivamente, as sedes da Radiobr&aacute;s e TVE (embri&otilde;es da emissora). Uma estrutura consider&aacute;vel deve ser montada em S&atilde;o Paulo. Fala-se em uma estrutura de at&eacute; 85 pessoas, mas fontes da Secretaria de Comunica&ccedil;&atilde;o Social do governo (respons&aacute;vel pela formata&ccedil;&atilde;o do projeto) dizem que este n&uacute;mero dever&aacute; ser menor inicialmente. V&aacute;rias op&ccedil;&otilde;es de sedes est&atilde;o sendo buscadas. A que parece estar melhor encaminhada s&atilde;o as antigas instala&ccedil;&otilde;es da rede CNT, que seriam alugadas, inclusive com parte dos equipamentos. H&aacute; outras op&ccedil;&otilde;es em que seriam necess&aacute;rios investimentos maiores em infra-estrutura, de modo que nesse momento o governo tenta negociar a melhor op&ccedil;&atilde;o financeira.<\/p>\n<p>A &ecirc;nfase em S&atilde;o Paulo deve-se, al&eacute;m da import&acirc;ncia &oacute;bvia do Estado, ao fato de que &eacute; na capital paulista que come&ccedil;ar&atilde;o as primeiras transmiss&otilde;es de TV digital. Ainda n&atilde;o est&aacute; definido onde ser&aacute; a sede geral da TV Brasil, mas &eacute; prov&aacute;vel que seja no Rio, onde a TVE tem grande estrutura. A tend&ecirc;ncia &eacute; que l&aacute; fique baseada a parte de produ&ccedil;&atilde;o de programas de cultura e educa&ccedil;&atilde;o. Bras&iacute;lia dever&aacute; ter um papel mais central na produ&ccedil;&atilde;o jornal&iacute;stica, e a estrutura de S&atilde;o Paulo navegar&aacute; nos dois universos.<\/p>\n<p>No pr&oacute;ximo m&ecirc;s (agosto) termina o prazo para que o projeto da TV p&uacute;blica esteja conclu&iacute;do para ser encaminhado ao Congresso. A consultoria respons&aacute;vel pela formata&ccedil;&atilde;o do marco legal que criar&aacute; a TV Brasil j&aacute; trabalha no Pal&aacute;cio do Planalto e a expectativa &eacute; que, no momento pol&iacute;tico adequado, o texto saia em forma de Medida Provis&oacute;ria.<\/p>\n<p>O Planalto aguarda, tamb&eacute;m, uma solu&ccedil;&atilde;o para a formata&ccedil;&atilde;o legal da TV Brasil, e a expectativa &eacute; que seja uma das primeiras Funda&ccedil;&otilde;es Estatais, conforme os moldes do projeto de lei no Congresso enviado para atender a um pedido do Minist&eacute;rio da Sa&uacute;de. A Funda&ccedil;&atilde;o Estatal funcionar&aacute; como as atuais funda&ccedil;&otilde;es p&uacute;blicas de direito privado, mas sem perder o v&iacute;nculo patrimonial com o Estado. A id&eacute;ia &eacute; garantir &agrave; TV Brasil flexibilidade e independ&ecirc;ncia para montar uma estrutura de televis&atilde;o compat&iacute;vel com a realidade de mercado, manter o v&iacute;nculo com a Uni&atilde;o sem, no entanto, torn&aacute;-la uma estatal. <\/p>\n<p>&nbsp;<img loading=\"lazy\" decoding=\"async\" src=\"images\/stories\/politica_publicacoes\/c_normal_pq.png\" alt=\"Active Image\" width=\"15\" height=\"15\" \/>&nbsp;publica&ccedil;&atilde;o autorizada.<\/p>\n<p>&nbsp;<\/p>\n","protected":false},"excerpt":{"rendered":"<p>A TV Brasil, nome da TV p&uacute;blica em fase de montagem pelo Governo Federal, n&atilde;o ficar&aacute; sediada apenas em Bras&iacute;lia e Rio, onde est&atilde;o, respectivamente, as sedes da Radiobr&aacute;s e TVE (embri&otilde;es da emissora). Uma estrutura consider&aacute;vel deve ser montada em S&atilde;o Paulo. Fala-se em uma estrutura de at&eacute; 85 pessoas, mas fontes da Secretaria &hellip; <a href=\"https:\/\/obscom.intervozes.org.br\/?p=18749\" class=\"more-link\">Continue lendo <span class=\"screen-reader-text\">Nova emissora p\u00fablica j\u00e1 prepara estrutura em S\u00e3o Paulo<\/span> <span class=\"meta-nav\">&rarr;<\/span><\/a><\/p>\n","protected":false},"author":1,"featured_media":0,"comment_status":"open","ping_status":"open","sticky":false,"template":"","format":"standard","meta":{"footnotes":""},"categories":[40],"tags":[59],"_links":{"self":[{"href":"https:\/\/obscom.intervozes.org.br\/index.php?rest_route=\/wp\/v2\/posts\/18749"}],"collection":[{"href":"https:\/\/obscom.intervozes.org.br\/index.php?rest_route=\/wp\/v2\/posts"}],"about":[{"href":"https:\/\/obscom.intervozes.org.br\/index.php?rest_route=\/wp\/v2\/types\/post"}],"author":[{"embeddable":true,"href":"https:\/\/obscom.intervozes.org.br\/index.php?rest_route=\/wp\/v2\/users\/1"}],"replies":[{"embeddable":true,"href":"https:\/\/obscom.intervozes.org.br\/index.php?rest_route=%2Fwp%2Fv2%2Fcomments&post=18749"}],"version-history":[{"count":0,"href":"https:\/\/obscom.intervozes.org.br\/index.php?rest_route=\/wp\/v2\/posts\/18749\/revisions"}],"wp:attachment":[{"href":"https:\/\/obscom.intervozes.org.br\/index.php?rest_route=%2Fwp%2Fv2%2Fmedia&parent=18749"}],"wp:term":[{"taxonomy":"category","embeddable":true,"href":"https:\/\/obscom.intervozes.org.br\/index.php?rest_route=%2Fwp%2Fv2%2Fcategories&post=18749"},{"taxonomy":"post_tag","embeddable":true,"href":"https:\/\/obscom.intervozes.org.br\/index.php?rest_route=%2Fwp%2Fv2%2Ftags&post=18749"}],"curies":[{"name":"wp","href":"https:\/\/api.w.org\/{rel}","templated":true}]}}