{"id":18746,"date":"2007-07-16T19:29:35","date_gmt":"2007-07-16T19:29:35","guid":{"rendered":"https:\/\/obscom.intervozes.org.br\/wordpress\/?p=18746"},"modified":"2007-07-16T19:29:35","modified_gmt":"2007-07-16T19:29:35","slug":"jornalistas-franceses-se-manifestam-contra-alteracoes-no-codigo-de-trabalho","status":"publish","type":"post","link":"https:\/\/obscom.intervozes.org.br\/?p=18746","title":{"rendered":"Jornalistas franceses se manifestam contra altera\u00e7\u00f5es no c\u00f3digo de trabalho"},"content":{"rendered":"<p>Sindicatos de jornalistas na Fran&ccedil;a come&ccedil;am a se movimentar contra um conjunto de altera&ccedil;&otilde;es no c&oacute;digo de trabalho da profiss&atilde;o, que podem, segundo o que afirmam os sindicatos, ter conseq&uuml;&ecirc;ncias negativas para os direitos dos jornalistas.&nbsp;<\/p>\n<p>As referidas emendas &agrave; lei devem ficar prontas e entrar em vigor at&eacute; janeiro de 2008 e visam simplificar &ldquo;sem perda de direitos&rdquo; o texto do c&oacute;digo de trabalho, um princ&iacute;pio que n&atilde;o foi respeitado, no entender de v&aacute;rias associa&ccedil;&otilde;es sindicais do pa&iacute;s.<\/p>\n<p>Uma das mudan&ccedil;as discutidas refere-se &agrave; quest&atilde;o das demiss&otilde;es. Os sindicatos afirmam que os novos textos s&atilde;o omissos em rela&ccedil;&atilde;o ao direito do funcion&aacute;rio de receber um m&ecirc;s de sal&aacute;rio por cada ano de trabalho e tamb&eacute;m n&atilde;o falam, como acontecia no atual Estatuto, da obrigatoriedade de constituir uma comiss&atilde;o arbitral para avaliar casos em que a rela&ccedil;&atilde;o de trabalho entre jornalista e entidade empregadora tenha mais de 15 anos.<\/p>\n<p>&ldquo;Percebe-se que h&aacute; uma vontade por parte dos empregadores de tirar as rela&ccedil;&otilde;es de trabalho do ambiente legal. H&aacute; um nivelamento por baixo e ataques muito claros ao Estatuto. A nossa profiss&atilde;o est&aacute; em risco&rdquo;, afirmou Nathalie Boisson, membro do conselho nacional do USJ-CFDT, um dos quatro sindicatos que se reuniu recentemente com o Minist&eacute;rio do Trabalho para discutir as mudan&ccedil;as. As informa&ccedil;&otilde;es s&atilde;o site Jornalistas Online. <\/p>\n","protected":false},"excerpt":{"rendered":"<p>Sindicatos de jornalistas na Fran&ccedil;a come&ccedil;am a se movimentar contra um conjunto de altera&ccedil;&otilde;es no c&oacute;digo de trabalho da profiss&atilde;o, que podem, segundo o que afirmam os sindicatos, ter conseq&uuml;&ecirc;ncias negativas para os direitos dos jornalistas.&nbsp; As referidas emendas &agrave; lei devem ficar prontas e entrar em vigor at&eacute; janeiro de 2008 e visam simplificar &hellip; <a href=\"https:\/\/obscom.intervozes.org.br\/?p=18746\" class=\"more-link\">Continue lendo <span class=\"screen-reader-text\">Jornalistas franceses se manifestam contra altera\u00e7\u00f5es no c\u00f3digo de trabalho<\/span> <span class=\"meta-nav\">&rarr;<\/span><\/a><\/p>\n","protected":false},"author":1,"featured_media":0,"comment_status":"open","ping_status":"open","sticky":false,"template":"","format":"standard","meta":{"footnotes":""},"categories":[40],"tags":[311],"_links":{"self":[{"href":"https:\/\/obscom.intervozes.org.br\/index.php?rest_route=\/wp\/v2\/posts\/18746"}],"collection":[{"href":"https:\/\/obscom.intervozes.org.br\/index.php?rest_route=\/wp\/v2\/posts"}],"about":[{"href":"https:\/\/obscom.intervozes.org.br\/index.php?rest_route=\/wp\/v2\/types\/post"}],"author":[{"embeddable":true,"href":"https:\/\/obscom.intervozes.org.br\/index.php?rest_route=\/wp\/v2\/users\/1"}],"replies":[{"embeddable":true,"href":"https:\/\/obscom.intervozes.org.br\/index.php?rest_route=%2Fwp%2Fv2%2Fcomments&post=18746"}],"version-history":[{"count":0,"href":"https:\/\/obscom.intervozes.org.br\/index.php?rest_route=\/wp\/v2\/posts\/18746\/revisions"}],"wp:attachment":[{"href":"https:\/\/obscom.intervozes.org.br\/index.php?rest_route=%2Fwp%2Fv2%2Fmedia&parent=18746"}],"wp:term":[{"taxonomy":"category","embeddable":true,"href":"https:\/\/obscom.intervozes.org.br\/index.php?rest_route=%2Fwp%2Fv2%2Fcategories&post=18746"},{"taxonomy":"post_tag","embeddable":true,"href":"https:\/\/obscom.intervozes.org.br\/index.php?rest_route=%2Fwp%2Fv2%2Ftags&post=18746"}],"curies":[{"name":"wp","href":"https:\/\/api.w.org\/{rel}","templated":true}]}}