{"id":18740,"date":"2007-07-16T11:40:54","date_gmt":"2007-07-16T11:40:54","guid":{"rendered":"https:\/\/obscom.intervozes.org.br\/wordpress\/?p=18740"},"modified":"2007-07-16T11:40:54","modified_gmt":"2007-07-16T11:40:54","slug":"reclamacoes-sobre-telefonia-serao-compartilhadas-pelos-paises-latino-americanos","status":"publish","type":"post","link":"https:\/\/obscom.intervozes.org.br\/?p=18740","title":{"rendered":"Reclama\u00e7\u00f5es sobre telefonia ser\u00e3o compartilhadas pelos pa\u00edses latino-americanos"},"content":{"rendered":"<p><span>O Minist&eacute;rio da Justi&ccedil;a (MJ) informou&nbsp;na &uacute;ltima semana&nbsp;que os dados sobre reclama&ccedil;&otilde;es de servi&ccedil;os telef&ocirc;nicos ser&atilde;o compartilhados pelos pa&iacute;ses latino-americanos. A decis&atilde;o foi tomada pelos &oacute;rg&atilde;os de prote&ccedil;&atilde;o ao consumidor no segundo encontro para debater &quot;Os Diretos B&aacute;sicos dos Usu&aacute;rios de Telefonia&quot;, realizado na Cidade do M&eacute;xico, no m&ecirc;s de junho. Al&eacute;m das queixas, haver&aacute; tamb&eacute;m troca de experi&ecirc;ncia sobre ado&ccedil;&atilde;o de mecanismos de defesa do usu&aacute;rio de telefonia.<\/span><span>&nbsp;<\/span> <\/p>\n<p style=\"margin: 0cm 0cm 0pt\" class=\"MsoNormal\"><span>De acordo com o MJ, o encontro serviu para fortalecer os la&ccedil;os de coopera&ccedil;&atilde;o na Am&eacute;rica Latina na &aacute;rea de telecomunica&ccedil;&otilde;es. Entre as v&aacute;rias quest&otilde;es abordadas pelos &oacute;rg&atilde;os presentes ao evento, tiveram destaque uma s&eacute;rie de temas de interesse dos consumidores, como cl&aacute;usulas abusivas de contratos; an&aacute;lises de reclama&ccedil;&otilde;es; medi&ccedil;&atilde;o das tarifas; publicidade e informa&ccedil;&atilde;o enganosa; e portabilidade num&eacute;rica.<\/span><\/p>\n","protected":false},"excerpt":{"rendered":"<p>O Minist&eacute;rio da Justi&ccedil;a (MJ) informou&nbsp;na &uacute;ltima semana&nbsp;que os dados sobre reclama&ccedil;&otilde;es de servi&ccedil;os telef&ocirc;nicos ser&atilde;o compartilhados pelos pa&iacute;ses latino-americanos. A decis&atilde;o foi tomada pelos &oacute;rg&atilde;os de prote&ccedil;&atilde;o ao consumidor no segundo encontro para debater &quot;Os Diretos B&aacute;sicos dos Usu&aacute;rios de Telefonia&quot;, realizado na Cidade do M&eacute;xico, no m&ecirc;s de junho. Al&eacute;m das queixas, haver&aacute; &hellip; <a href=\"https:\/\/obscom.intervozes.org.br\/?p=18740\" class=\"more-link\">Continue lendo <span class=\"screen-reader-text\">Reclama\u00e7\u00f5es sobre telefonia ser\u00e3o compartilhadas pelos pa\u00edses latino-americanos<\/span> <span class=\"meta-nav\">&rarr;<\/span><\/a><\/p>\n","protected":false},"author":1,"featured_media":0,"comment_status":"open","ping_status":"open","sticky":false,"template":"","format":"standard","meta":{"footnotes":""},"categories":[39],"tags":[],"_links":{"self":[{"href":"https:\/\/obscom.intervozes.org.br\/index.php?rest_route=\/wp\/v2\/posts\/18740"}],"collection":[{"href":"https:\/\/obscom.intervozes.org.br\/index.php?rest_route=\/wp\/v2\/posts"}],"about":[{"href":"https:\/\/obscom.intervozes.org.br\/index.php?rest_route=\/wp\/v2\/types\/post"}],"author":[{"embeddable":true,"href":"https:\/\/obscom.intervozes.org.br\/index.php?rest_route=\/wp\/v2\/users\/1"}],"replies":[{"embeddable":true,"href":"https:\/\/obscom.intervozes.org.br\/index.php?rest_route=%2Fwp%2Fv2%2Fcomments&post=18740"}],"version-history":[{"count":0,"href":"https:\/\/obscom.intervozes.org.br\/index.php?rest_route=\/wp\/v2\/posts\/18740\/revisions"}],"wp:attachment":[{"href":"https:\/\/obscom.intervozes.org.br\/index.php?rest_route=%2Fwp%2Fv2%2Fmedia&parent=18740"}],"wp:term":[{"taxonomy":"category","embeddable":true,"href":"https:\/\/obscom.intervozes.org.br\/index.php?rest_route=%2Fwp%2Fv2%2Fcategories&post=18740"},{"taxonomy":"post_tag","embeddable":true,"href":"https:\/\/obscom.intervozes.org.br\/index.php?rest_route=%2Fwp%2Fv2%2Ftags&post=18740"}],"curies":[{"name":"wp","href":"https:\/\/api.w.org\/{rel}","templated":true}]}}