{"id":18730,"date":"2007-07-13T13:14:42","date_gmt":"2007-07-13T13:14:42","guid":{"rendered":"https:\/\/obscom.intervozes.org.br\/wordpress\/?p=18730"},"modified":"2007-07-13T13:14:42","modified_gmt":"2007-07-13T13:14:42","slug":"andi-e-unicef-cobram-mais-cobertura-do-orcamento-da-educacao","status":"publish","type":"post","link":"https:\/\/obscom.intervozes.org.br\/?p=18730","title":{"rendered":"Andi e Unicef cobram mais cobertura do or\u00e7amento da Educa\u00e7\u00e3o"},"content":{"rendered":"<p>Representantes de duas organiza&ccedil;&otilde;es preocupadas com a cobertura jornal&iacute;stica dos temas inf&acirc;ncia e adolesc&ecirc;ncia cobraram nesta quinta-feira em Bras&iacute;lia mais aten&ccedil;&atilde;o &agrave;s quest&otilde;es or&ccedil;ament&aacute;rias. A preocupa&ccedil;&atilde;o apareceu tanto na fala do representante adjunto do Fundo das Na&ccedil;&otilde;es Unidas para a Inf&acirc;ncia (Unicef), Manuel Rojas Buvinich, como na de &Acirc;mbar de Barros, conselheira e uma das fundadoras da Ag&ecirc;ncia de Not&iacute;cias dos Direitos da Inf&acirc;ncia (Andi).<\/p>\n<p>A cerim&ocirc;nia premiou mais 20 Jornalistas Amigos da Crian&ccedil;a, escolhidos pela Andi em 13 Estados brasileiros. No total, s&atilde;o agora 346 jornalistas premiados desde 1997, por seu comprometimento com os temas da &aacute;rea social, em especial aqueles relacionados &agrave; inf&acirc;ncia e adolesc&ecirc;ncia.<\/p>\n<p>&ldquo;Um dos desafios aos Jornalistas Amigos da Crian&ccedil;a &eacute; acompanhar o or&ccedil;amento&rdquo;, afirmou Buvinich. Ele disse que deve se chegar a uma cultura de acompanhamento or&ccedil;ament&aacute;rio que questione os resultados das pol&iacute;ticas p&uacute;blicas para a &aacute;rea da inf&acirc;ncia. &ldquo;E a partir da&iacute; exigir dos pol&iacute;ticos&rdquo;, adicionou.<\/p>\n<p>Buvinich tamb&eacute;m reivindicou dos jornalistas mais acompanhamento do desenrolar das den&uacute;ncias. Citou o exemplo de casos de explora&ccedil;&atilde;o sexual infanto-juvenil para observar que, muitas vezes, as reportagens s&atilde;o feitas de modo muito solto. &ldquo;Denunciamos a situa&ccedil;&atilde;o de viola&ccedil;&atilde;o de direitos, v&ecirc;m as declara&ccedil;&otilde;es, mas n&atilde;o h&aacute; continuidade&rdquo;, afirmou. &ldquo;Se houve viola&ccedil;&atilde;o, qual a pol&iacute;tica, qual sua sustentabilidade, qual o impacto?&rdquo;<\/p>\n<p>&Acirc;mbar de Barros, que come&ccedil;a nesta segunda-feira a trabalhar na TV Cultura, em S&atilde;o Paulo, criticou a atual forma&ccedil;&atilde;o dos jovens jornalistas para ressaltar a responsabilidade formativa dos Jornalistas Amigos da Crian&ccedil;a, em suas reda&ccedil;&otilde;es. Ela concordou com as proposi&ccedil;&otilde;es de Buvinich. &ldquo;O pol&iacute;tico prometeu, o projeto foi aprovado, quanto custou isso? E &eacute; preciso acompanhar o or&ccedil;amento executado, nossos or&ccedil;amentos muitas vezes s&atilde;o fict&iacute;cios, botam l&aacute; o investimento e n&atilde;o liberam os recursos&rdquo;.<\/p>\n<p>Para auxiliar os profissionais nessa cobertura or&ccedil;ament&aacute;ria, o evento teve uma oficina com Gil Castello Branco, da ONG Contas Abertas, com dicas de pautas a partir dos dados do Sistema Integrado de Administra&ccedil;&atilde;o Financeira (Siafi).<\/p>\n<p>Jacqueline Lopes, rep&oacute;rter do jornal O Estado do Mato Grosso do Sul, fez o discurso mais emocionado entre os 20 jornalistas premiados. Ela chorou ao lembrar que seus av&oacute;s foram v&iacute;timas de trabalho infantil, e que sua fam&iacute;lia lutou para que n&atilde;o seguisse o mesmo caminho.<\/p>\n<p>A fala de Edisv&acirc;nio Nascimento tocou numa ferida do governo federal. Radialista comunit&aacute;rio da Santa Luz FM, na regi&atilde;o sisaleira da Bahia, ele contou que tenta h&aacute; nove anos obter a autoriza&ccedil;&atilde;o para a r&aacute;dio, voltada para os direitos das crian&ccedil;as e dos adolescentes na regi&atilde;o &ndash; conhecido p&oacute;lo de trabalho infantil. Ele j&aacute; foi processado e um de seus colegas chegou a ser condenado por conta da r&aacute;dio comunit&aacute;ria.<\/p>\n<p>&nbsp;<img loading=\"lazy\" decoding=\"async\" src=\"images\/stories\/politica_publicacoes\/c_invertido_pq.png\" alt=\"Active Image\" width=\"15\" height=\"15\" \/><\/p>\n<p>&nbsp;<\/p>\n","protected":false},"excerpt":{"rendered":"<p>Representantes de duas organiza&ccedil;&otilde;es preocupadas com a cobertura jornal&iacute;stica dos temas inf&acirc;ncia e adolesc&ecirc;ncia cobraram nesta quinta-feira em Bras&iacute;lia mais aten&ccedil;&atilde;o &agrave;s quest&otilde;es or&ccedil;ament&aacute;rias. A preocupa&ccedil;&atilde;o apareceu tanto na fala do representante adjunto do Fundo das Na&ccedil;&otilde;es Unidas para a Inf&acirc;ncia (Unicef), Manuel Rojas Buvinich, como na de &Acirc;mbar de Barros, conselheira e uma das &hellip; <a href=\"https:\/\/obscom.intervozes.org.br\/?p=18730\" class=\"more-link\">Continue lendo <span class=\"screen-reader-text\">Andi e Unicef cobram mais cobertura do or\u00e7amento da Educa\u00e7\u00e3o<\/span> <span class=\"meta-nav\">&rarr;<\/span><\/a><\/p>\n","protected":false},"author":1,"featured_media":0,"comment_status":"open","ping_status":"open","sticky":false,"template":"","format":"standard","meta":{"footnotes":""},"categories":[40],"tags":[326],"_links":{"self":[{"href":"https:\/\/obscom.intervozes.org.br\/index.php?rest_route=\/wp\/v2\/posts\/18730"}],"collection":[{"href":"https:\/\/obscom.intervozes.org.br\/index.php?rest_route=\/wp\/v2\/posts"}],"about":[{"href":"https:\/\/obscom.intervozes.org.br\/index.php?rest_route=\/wp\/v2\/types\/post"}],"author":[{"embeddable":true,"href":"https:\/\/obscom.intervozes.org.br\/index.php?rest_route=\/wp\/v2\/users\/1"}],"replies":[{"embeddable":true,"href":"https:\/\/obscom.intervozes.org.br\/index.php?rest_route=%2Fwp%2Fv2%2Fcomments&post=18730"}],"version-history":[{"count":0,"href":"https:\/\/obscom.intervozes.org.br\/index.php?rest_route=\/wp\/v2\/posts\/18730\/revisions"}],"wp:attachment":[{"href":"https:\/\/obscom.intervozes.org.br\/index.php?rest_route=%2Fwp%2Fv2%2Fmedia&parent=18730"}],"wp:term":[{"taxonomy":"category","embeddable":true,"href":"https:\/\/obscom.intervozes.org.br\/index.php?rest_route=%2Fwp%2Fv2%2Fcategories&post=18730"},{"taxonomy":"post_tag","embeddable":true,"href":"https:\/\/obscom.intervozes.org.br\/index.php?rest_route=%2Fwp%2Fv2%2Ftags&post=18730"}],"curies":[{"name":"wp","href":"https:\/\/api.w.org\/{rel}","templated":true}]}}