{"id":18729,"date":"2007-07-13T13:08:42","date_gmt":"2007-07-13T13:08:42","guid":{"rendered":"https:\/\/obscom.intervozes.org.br\/wordpress\/?p=18729"},"modified":"2007-07-13T13:08:42","modified_gmt":"2007-07-13T13:08:42","slug":"canal-da-abril-com-conteudo-gerado-pelo-usuario-estreia-dia-30-de-julho","status":"publish","type":"post","link":"https:\/\/obscom.intervozes.org.br\/?p=18729","title":{"rendered":"Canal da Abril com conte\u00fado gerado pelo usu\u00e1rio estr\u00e9ia dia 30 de julho"},"content":{"rendered":"<p>O Fiz, novo canal de TV da Abril Networks e que ter&aacute; conte&uacute;do gerado pelo p&uacute;blico via Internet, j&aacute; est&aacute; com seu site no ar (www.fiztv.com.br). Em fase de testes na web desde meados de maio, o site j&aacute; est&aacute; em sua vers&atilde;o final. Ele &eacute; o princ&iacute;pio de toda programa&ccedil;&atilde;o do canal, que estr&eacute;ia dia 30 de julho a princ&iacute;pio na TVA. <\/p>\n<p>Todo o conte&uacute;do que ser&aacute; exibido na televis&atilde;o ser&aacute; fornecido e selecionado pelo internauta atrav&eacute;s do site. Na p&aacute;gina do canal o usu&aacute;rio pode criar um perfil pessoal, onde al&eacute;m de postar seus programas de at&eacute; 50MB em formatos MOV, AVI ou MPEG4, ele pode interagir com outros usu&aacute;rios e definir os hor&aacute;rios de exibi&ccedil;&atilde;o dos programas mais votados na TV.<\/p>\n","protected":false},"excerpt":{"rendered":"<p>O Fiz, novo canal de TV da Abril Networks e que ter&aacute; conte&uacute;do gerado pelo p&uacute;blico via Internet, j&aacute; est&aacute; com seu site no ar (www.fiztv.com.br). Em fase de testes na web desde meados de maio, o site j&aacute; est&aacute; em sua vers&atilde;o final. Ele &eacute; o princ&iacute;pio de toda programa&ccedil;&atilde;o do canal, que estr&eacute;ia &hellip; <a href=\"https:\/\/obscom.intervozes.org.br\/?p=18729\" class=\"more-link\">Continue lendo <span class=\"screen-reader-text\">Canal da Abril com conte\u00fado gerado pelo usu\u00e1rio estr\u00e9ia dia 30 de julho<\/span> <span class=\"meta-nav\">&rarr;<\/span><\/a><\/p>\n","protected":false},"author":1,"featured_media":0,"comment_status":"open","ping_status":"open","sticky":false,"template":"","format":"standard","meta":{"footnotes":""},"categories":[39],"tags":[],"_links":{"self":[{"href":"https:\/\/obscom.intervozes.org.br\/index.php?rest_route=\/wp\/v2\/posts\/18729"}],"collection":[{"href":"https:\/\/obscom.intervozes.org.br\/index.php?rest_route=\/wp\/v2\/posts"}],"about":[{"href":"https:\/\/obscom.intervozes.org.br\/index.php?rest_route=\/wp\/v2\/types\/post"}],"author":[{"embeddable":true,"href":"https:\/\/obscom.intervozes.org.br\/index.php?rest_route=\/wp\/v2\/users\/1"}],"replies":[{"embeddable":true,"href":"https:\/\/obscom.intervozes.org.br\/index.php?rest_route=%2Fwp%2Fv2%2Fcomments&post=18729"}],"version-history":[{"count":0,"href":"https:\/\/obscom.intervozes.org.br\/index.php?rest_route=\/wp\/v2\/posts\/18729\/revisions"}],"wp:attachment":[{"href":"https:\/\/obscom.intervozes.org.br\/index.php?rest_route=%2Fwp%2Fv2%2Fmedia&parent=18729"}],"wp:term":[{"taxonomy":"category","embeddable":true,"href":"https:\/\/obscom.intervozes.org.br\/index.php?rest_route=%2Fwp%2Fv2%2Fcategories&post=18729"},{"taxonomy":"post_tag","embeddable":true,"href":"https:\/\/obscom.intervozes.org.br\/index.php?rest_route=%2Fwp%2Fv2%2Ftags&post=18729"}],"curies":[{"name":"wp","href":"https:\/\/api.w.org\/{rel}","templated":true}]}}