{"id":18726,"date":"2007-07-13T12:43:26","date_gmt":"2007-07-13T12:43:26","guid":{"rendered":"https:\/\/obscom.intervozes.org.br\/wordpress\/?p=18726"},"modified":"2007-07-13T12:43:26","modified_gmt":"2007-07-13T12:43:26","slug":"classificacao-indicativa-radiodifusores-nao-venceram","status":"publish","type":"post","link":"https:\/\/obscom.intervozes.org.br\/?p=18726","title":{"rendered":"Classifica\u00e7\u00e3o indicativa: radiodifusores n\u00e3o venceram"},"content":{"rendered":"<p>Foram pequenas as altera&ccedil;&otilde;es que o minist&eacute;rio da Justi&ccedil;a fez na portaria que estabelece a classifica&ccedil;&atilde;o indicativa para os programas de TV, mas o notici&aacute;rio de ontem, ter&ccedil;a-feira, dava a impress&atilde;o de que o novo texto significava uma &quot;vit&oacute;ria esmagadora&quot; das empresas de m&iacute;dia eletr&ocirc;nica. <\/p>\n<p>O governo foi apenas h&aacute;bil: fez os ajustes apropriados, sobretudo no fraseado, e assim evitou que a cruzada orquestrada pelas empresas de televis&atilde;o continue insistindo na tecla de que a classifica&ccedil;&atilde;o equivale &agrave; &quot;censura&quot;. <\/p>\n<p>A exig&ecirc;ncia de adaptar o teor de um programa ao hor&aacute;rio em que &eacute; exibido foi finalmente consagrada, a TV comercial ter&aacute; que respeit&aacute;-la e quem fiscalizar&aacute; as irregularidades ou infra&ccedil;&otilde;es ser&aacute; o Minist&eacute;rio P&uacute;blico. <\/p>\n<p>O que n&atilde;o pode ser esquecido neste epis&oacute;dio &eacute; o jogo pesado adotado pelas empresas de TV capitaneadas pela Globo. Aqueles an&uacute;ncios de p&aacute;gina inteira nos principais jornais do pa&iacute;s reproduzindo o manifesto assinado pelos astros e estrelas das telinhas contra uma classifica&ccedil;&atilde;o de programas que existe em todos os pa&iacute;ses mostra que as concession&aacute;rias de radiodifus&atilde;o est&atilde;o somente interessadas em servir aos seus pr&oacute;prios interesses, e n&atilde;o ao interesse p&uacute;blico. <\/p>\n<p>Esta orquestra&ccedil;&atilde;o serviu por escancarar a imperiosa necessidade de um debate sobre a concentra&ccedil;&atilde;o da m&iacute;dia em nosso pa&iacute;s. Se adot&aacute;ssemos aqui as normas vigentes nos EUA sobre a propriedade de diferentes ve&iacute;culos pelos mesmos grupos, a cruzada contra a classifica&ccedil;&atilde;o teria sido menos autorit&aacute;ria.<\/p>\n<p>&nbsp;<img loading=\"lazy\" decoding=\"async\" src=\"images\/stories\/politica_publicacoes\/c_invertido_pq.png\" alt=\"Active Image\" width=\"15\" height=\"15\" \/><\/p>\n<p>&nbsp;<\/p>\n","protected":false},"excerpt":{"rendered":"<p>Foram pequenas as altera&ccedil;&otilde;es que o minist&eacute;rio da Justi&ccedil;a fez na portaria que estabelece a classifica&ccedil;&atilde;o indicativa para os programas de TV, mas o notici&aacute;rio de ontem, ter&ccedil;a-feira, dava a impress&atilde;o de que o novo texto significava uma &quot;vit&oacute;ria esmagadora&quot; das empresas de m&iacute;dia eletr&ocirc;nica. O governo foi apenas h&aacute;bil: fez os ajustes apropriados, sobretudo &hellip; <a href=\"https:\/\/obscom.intervozes.org.br\/?p=18726\" class=\"more-link\">Continue lendo <span class=\"screen-reader-text\">Classifica\u00e7\u00e3o indicativa: radiodifusores n\u00e3o venceram<\/span> <span class=\"meta-nav\">&rarr;<\/span><\/a><\/p>\n","protected":false},"author":1,"featured_media":0,"comment_status":"open","ping_status":"open","sticky":false,"template":"","format":"standard","meta":{"footnotes":""},"categories":[42],"tags":[53],"_links":{"self":[{"href":"https:\/\/obscom.intervozes.org.br\/index.php?rest_route=\/wp\/v2\/posts\/18726"}],"collection":[{"href":"https:\/\/obscom.intervozes.org.br\/index.php?rest_route=\/wp\/v2\/posts"}],"about":[{"href":"https:\/\/obscom.intervozes.org.br\/index.php?rest_route=\/wp\/v2\/types\/post"}],"author":[{"embeddable":true,"href":"https:\/\/obscom.intervozes.org.br\/index.php?rest_route=\/wp\/v2\/users\/1"}],"replies":[{"embeddable":true,"href":"https:\/\/obscom.intervozes.org.br\/index.php?rest_route=%2Fwp%2Fv2%2Fcomments&post=18726"}],"version-history":[{"count":0,"href":"https:\/\/obscom.intervozes.org.br\/index.php?rest_route=\/wp\/v2\/posts\/18726\/revisions"}],"wp:attachment":[{"href":"https:\/\/obscom.intervozes.org.br\/index.php?rest_route=%2Fwp%2Fv2%2Fmedia&parent=18726"}],"wp:term":[{"taxonomy":"category","embeddable":true,"href":"https:\/\/obscom.intervozes.org.br\/index.php?rest_route=%2Fwp%2Fv2%2Fcategories&post=18726"},{"taxonomy":"post_tag","embeddable":true,"href":"https:\/\/obscom.intervozes.org.br\/index.php?rest_route=%2Fwp%2Fv2%2Ftags&post=18726"}],"curies":[{"name":"wp","href":"https:\/\/api.w.org\/{rel}","templated":true}]}}