{"id":18724,"date":"2007-07-13T11:20:11","date_gmt":"2007-07-13T11:20:11","guid":{"rendered":"https:\/\/obscom.intervozes.org.br\/wordpress\/?p=18724"},"modified":"2007-07-13T11:20:11","modified_gmt":"2007-07-13T11:20:11","slug":"para-juizes-operar-radios-sem-autorizacao-nao-e-crime","status":"publish","type":"post","link":"https:\/\/obscom.intervozes.org.br\/?p=18724","title":{"rendered":"Para ju\u00edzes, operar r\u00e1dios sem autoriza\u00e7\u00e3o n\u00e3o \u00e9 crime"},"content":{"rendered":"<p><span>Bras&iacute;lia &#8211; O funcionamento de r&aacute;dios comunit&aacute;rias sem autoriza&ccedil;&atilde;o n&atilde;o &eacute; crime, segundo entendimento de uma decis&atilde;o da Turma Recursal dos Juizados Especiais Criminais, esta semana, em S&atilde;o Paulo. Por dois votos a um, os ju&iacute;zes decidiram que a opera&ccedil;&atilde;o da R&aacute;dio Comunit&aacute;ria Dimens&atilde;o e da R&aacute;dio Heli&oacute;polis, &ldquo;embora possa ser considerado il&iacute;cito administrativo, n&atilde;o configura crime&rdquo;.<\/p>\n<p><\/span><span>A pena m&aacute;xima, em caso de crime, poderia chegar a dois anos de reclus&atilde;o para o respons&aacute;vel pela r&aacute;dio, al&eacute;m de apreens&atilde;o do equipamento. Como il&iacute;cito administrativo, a r&aacute;dio deve apenas pagar uma multa.<\/p>\n<p><\/span><span>O Minist&eacute;rio P&uacute;blico Federal (MPF) acusava os respons&aacute;veis pela R&aacute;dio Dimens&atilde;o, Daniel Almeida dos Santos Melo, e pela R&aacute;dio Heli&oacute;polis, Jo&atilde;o Miranda. Segundo o MPF, eles teriam infringido o C&oacute;digo de Telecomunica&ccedil;&atilde;o, que considera crime a opera&ccedil;&atilde;o sem autoriza&ccedil;&atilde;o do Estado. No entanto, os ju&iacute;zes entenderam que as r&aacute;dios n&atilde;o se enquadram na lei. Isso porque, em 1995, a Emenda Constitucional n&ordm; 8 separou a radiodifus&atilde;o da telefonia.<\/p>\n<p><\/span><span>Com base na decis&atilde;o, o Escrit&oacute;rio Modelo da Pontif&iacute;cia Universidade Cat&oacute;lica (PUC), que defende a R&aacute;dio Dimens&atilde;o, pretende entrar com novas a&ccedil;&otilde;es. &quot;Na nossa interpreta&ccedil;&atilde;o, com essa decis&atilde;o, as opera&ccedil;&otilde;es envolvendo r&aacute;dios n&atilde;o podem ser feita pela Pol&iacute;cia Federal, por n&atilde;o ser crime&quot;, avalia a advogada Ana Cl&aacute;udia Vazzoler. A advogada tamb&eacute;m pretende pedir a libera&ccedil;&atilde;o dos equipamentos da R&aacute;dio Heli&oacute;polis, retidos pela Pol&iacute;cia Federal.<\/p>\n<p><\/span><span>O Escrit&oacute;rio Modelo representa 70 r&aacute;dios comunit&aacute;rias em S&atilde;o Paulo. Segundo a advogada, essa foi a primeira decis&atilde;o com esse tipo de entendimento na Justi&ccedil;a Federal. <\/p>\n<p><\/span><span>A Ag&ecirc;ncia Brasil procurou a Anatel e Minist&eacute;rio P&uacute;blico Federal. N&atilde;o encontrou nenhum respons&aacute;vel que pudesse conceder entrevistas, at&eacute; a publica&ccedil;&atilde;o desta reportagem. O Minist&eacute;rio das Comunica&ccedil;&otilde;es iria checar informa&ccedil;&otilde;es sobre a decis&atilde;o judicial, antes de pronunciar-se. <\/p>\n<p><\/span><span>*colaborou Aline Bravim. <\/p>\n<p><font size=\"3\"><img loading=\"lazy\" decoding=\"async\" src=\"images\/stories\/politica_publicacoes\/cc_pq.png\" alt=\"Active Image\" width=\"15\" height=\"15\" \/><\/font><\/span><\/p>\n","protected":false},"excerpt":{"rendered":"<p>De acordo com decis\u00e3o da Turma Recursal dos Juizados Especiais Criminais de SP, o funcionamento de r\u00e1dios comunit\u00e1rias sem autoriza\u00e7\u00e3o \u201cembora possa ser considerado il\u00edcito administrativo, n\u00e3o configura crime\u201d. A decis\u00e3o se aplica a duas r\u00e1dios da capital paulista.<\/p>\n","protected":false},"author":1,"featured_media":0,"comment_status":"open","ping_status":"open","sticky":false,"template":"","format":"standard","meta":{"footnotes":""},"categories":[40],"tags":[155],"_links":{"self":[{"href":"https:\/\/obscom.intervozes.org.br\/index.php?rest_route=\/wp\/v2\/posts\/18724"}],"collection":[{"href":"https:\/\/obscom.intervozes.org.br\/index.php?rest_route=\/wp\/v2\/posts"}],"about":[{"href":"https:\/\/obscom.intervozes.org.br\/index.php?rest_route=\/wp\/v2\/types\/post"}],"author":[{"embeddable":true,"href":"https:\/\/obscom.intervozes.org.br\/index.php?rest_route=\/wp\/v2\/users\/1"}],"replies":[{"embeddable":true,"href":"https:\/\/obscom.intervozes.org.br\/index.php?rest_route=%2Fwp%2Fv2%2Fcomments&post=18724"}],"version-history":[{"count":0,"href":"https:\/\/obscom.intervozes.org.br\/index.php?rest_route=\/wp\/v2\/posts\/18724\/revisions"}],"wp:attachment":[{"href":"https:\/\/obscom.intervozes.org.br\/index.php?rest_route=%2Fwp%2Fv2%2Fmedia&parent=18724"}],"wp:term":[{"taxonomy":"category","embeddable":true,"href":"https:\/\/obscom.intervozes.org.br\/index.php?rest_route=%2Fwp%2Fv2%2Fcategories&post=18724"},{"taxonomy":"post_tag","embeddable":true,"href":"https:\/\/obscom.intervozes.org.br\/index.php?rest_route=%2Fwp%2Fv2%2Ftags&post=18724"}],"curies":[{"name":"wp","href":"https:\/\/api.w.org\/{rel}","templated":true}]}}