{"id":18723,"date":"2007-07-13T11:05:20","date_gmt":"2007-07-13T11:05:20","guid":{"rendered":"https:\/\/obscom.intervozes.org.br\/wordpress\/?p=18723"},"modified":"2007-07-13T11:05:20","modified_gmt":"2007-07-13T11:05:20","slug":"abra-defende-veiculacao-de-conteudo-nacional-na-tv-paga","status":"publish","type":"post","link":"https:\/\/obscom.intervozes.org.br\/?p=18723","title":{"rendered":"Abra defende veicula\u00e7\u00e3o de conte\u00fado nacional na TV paga"},"content":{"rendered":"<p>Johnny Saad, presidente do Grupo Bandeirantes e da Associa&ccedil;&atilde;o Brasileira de Radiodifusores (Abra) defendeu nesta quinta-feira, 12, em mais uma audi&ecirc;ncia p&uacute;blica realizada no Senado, que metade do conte&uacute;do veiculado na TV paga brasileira seja nacional e, de prefer&ecirc;ncia, feito por brasileiros. Saad foi um dos seis debatedores convidados pela Comiss&atilde;o de Educa&ccedil;&atilde;o para apresentar sugest&otilde;es ao projeto de lei 280\/07, do senador Flexa Ribeiro (PSDB-PA), que disp&otilde;e sobre a produ&ccedil;&atilde;o, programa&ccedil;&atilde;o e provimento de conte&uacute;do brasileiro para a distribui&ccedil;&atilde;o por meio eletr&ocirc;nico.<\/p>\n<p>Saad apresentou n&uacute;meros para comprovar que pa&iacute;ses da Europa, &Aacute;sia, Oceania e Am&eacute;rica do Norte adotaram mecanismos de prote&ccedil;&atilde;o a seus respectivos conte&uacute;dos. Um dos exemplos citados foi dos Estados Unidos. Segundo os n&uacute;meros da Abra, 80,5% do conte&uacute;do veiculado nas TVs americanas &eacute; produzido dentro do pr&oacute;prio pa&iacute;s e apenas 19,4% s&atilde;o produ&ccedil;&otilde;es internacionais. <\/p>\n<p>No Canad&aacute;, a propor&ccedil;&atilde;o &eacute; mais equilibrada: 58% de cont&eacute;udo nacional, contra 42% de produ&ccedil;&otilde;es internacionais. Na avalia&ccedil;&atilde;o de Saad, um percentual semelhante a esse deveria ser adotado na TV paga brasileira. &quot;No m&iacute;nimo 50% de conte&uacute;do nacional, ou at&eacute; mais do que isso&quot;, defendeu. Segundo ele, apenas 31,5% do conte&uacute;do veiculado da TV por assinatura &eacute; nacional contra 65,5% de programas estrangeiros. &quot;Essa distor&ccedil;&atilde;o &eacute; muito acentuada na m&iacute;dia paga, que est&aacute; concentrada nas m&atilde;os de poucos grupos&quot;, afirmou. <\/p>\n<p>Saad disse que seu grupo tem interesse espec&iacute;fico no mercado da TV paga porque disp&otilde;e de tr&ecirc;s canais de distribui&ccedil;&atilde;o de conte&uacute;do &#8211; Bandews, Bandsports e a TV Terra Viva (este &uacute;ltimo &eacute; recebido tamb&eacute;m por parab&oacute;licas, de forma aberta). &quot;E temos tido s&eacute;rios problemas para distribuir nosso conte&uacute;do. Essa &eacute; uma m&iacute;dia (a TV paga) que vai crescer, porque o custo est&aacute; baixando. E precisamos ter um modelo democr&aacute;tico que n&atilde;o permita a uma &uacute;nica empresa ter o controle do mercado&quot;, disse. A maior parte do mercado de TV paga est&aacute; nas m&atilde;os da Net e da Sky\/DirecTV, que t&ecirc;m a Globo como s&oacute;cias. Os dois grupos de TV paga, naturalmente, t&ecirc;m exclusividade na veicula&ccedil;&atilde;o do conte&uacute;do produzido pela Globosat.<\/p>\n<p>Tamb&eacute;m na audi&ecirc;ncia p&uacute;blica, Gustavo Dahl, ex-presidente da Ancine e atual presidente do conselho da Cinemateca Brasileira, criticou o projeto de Flexa Ribeiro. Na avalia&ccedil;&atilde;o de Dahl, a proposta do senador parece querer manter o atual modelo da TV brasileira, verticalizado e pouco aberto &agrave;s produ&ccedil;&otilde;es regionais e independentes. &quot;&Eacute; preciso que existam cotas que garantam a veicula&ccedil;&atilde;o desses conte&uacute;dos&quot;, argumentou. Tamb&eacute;m participaram da audi&ecirc;ncia representantes da Abranet (associa&ccedil;&atilde;o dos provedores de internet), da TV Minas, do FNDC e da Acel (associa&ccedil;&atilde;o das operadoras celulares). <\/p>\n<p>&nbsp;<img loading=\"lazy\" decoding=\"async\" src=\"images\/stories\/politica_publicacoes\/c_normal_pq.png\" alt=\"Active Image\" width=\"15\" height=\"15\" \/>&nbsp;publica&ccedil;&atilde;o autorizada.<\/p>\n<p>&nbsp;<\/p>\n","protected":false},"excerpt":{"rendered":"<p>Johnny Saad, presidente do Grupo Bandeirantes e da Associa&ccedil;&atilde;o Brasileira de Radiodifusores (Abra) defendeu nesta quinta-feira, 12, em mais uma audi&ecirc;ncia p&uacute;blica realizada no Senado, que metade do conte&uacute;do veiculado na TV paga brasileira seja nacional e, de prefer&ecirc;ncia, feito por brasileiros. Saad foi um dos seis debatedores convidados pela Comiss&atilde;o de Educa&ccedil;&atilde;o para apresentar &hellip; <a href=\"https:\/\/obscom.intervozes.org.br\/?p=18723\" class=\"more-link\">Continue lendo <span class=\"screen-reader-text\">Abra defende veicula\u00e7\u00e3o de conte\u00fado nacional na TV paga<\/span> <span class=\"meta-nav\">&rarr;<\/span><\/a><\/p>\n","protected":false},"author":1,"featured_media":0,"comment_status":"open","ping_status":"open","sticky":false,"template":"","format":"standard","meta":{"footnotes":""},"categories":[40],"tags":[323],"_links":{"self":[{"href":"https:\/\/obscom.intervozes.org.br\/index.php?rest_route=\/wp\/v2\/posts\/18723"}],"collection":[{"href":"https:\/\/obscom.intervozes.org.br\/index.php?rest_route=\/wp\/v2\/posts"}],"about":[{"href":"https:\/\/obscom.intervozes.org.br\/index.php?rest_route=\/wp\/v2\/types\/post"}],"author":[{"embeddable":true,"href":"https:\/\/obscom.intervozes.org.br\/index.php?rest_route=\/wp\/v2\/users\/1"}],"replies":[{"embeddable":true,"href":"https:\/\/obscom.intervozes.org.br\/index.php?rest_route=%2Fwp%2Fv2%2Fcomments&post=18723"}],"version-history":[{"count":0,"href":"https:\/\/obscom.intervozes.org.br\/index.php?rest_route=\/wp\/v2\/posts\/18723\/revisions"}],"wp:attachment":[{"href":"https:\/\/obscom.intervozes.org.br\/index.php?rest_route=%2Fwp%2Fv2%2Fmedia&parent=18723"}],"wp:term":[{"taxonomy":"category","embeddable":true,"href":"https:\/\/obscom.intervozes.org.br\/index.php?rest_route=%2Fwp%2Fv2%2Fcategories&post=18723"},{"taxonomy":"post_tag","embeddable":true,"href":"https:\/\/obscom.intervozes.org.br\/index.php?rest_route=%2Fwp%2Fv2%2Ftags&post=18723"}],"curies":[{"name":"wp","href":"https:\/\/api.w.org\/{rel}","templated":true}]}}