{"id":18722,"date":"2007-07-13T10:59:20","date_gmt":"2007-07-13T10:59:20","guid":{"rendered":"https:\/\/obscom.intervozes.org.br\/wordpress\/?p=18722"},"modified":"2007-07-13T10:59:20","modified_gmt":"2007-07-13T10:59:20","slug":"conferencia-preparatoria-no-senado-e-na-camara-discutira-politicas-de-comunicacao","status":"publish","type":"post","link":"https:\/\/obscom.intervozes.org.br\/?p=18722","title":{"rendered":"&#8220;Confer\u00eancia Preparat\u00f3ria&#8221; no Senado e na C\u00e2mara discutir\u00e1 pol\u00edticas de comunica\u00e7\u00e3o"},"content":{"rendered":"<p style=\"margin: 0cm 0cm 0pt\" class=\"MsoNormal\"><span>O<\/span><span>rganizada pelo Minist&eacute;rio das Comunica&ccedil;&otilde;es; Comiss&atilde;o de Ci&ecirc;ncia e Tecnologia, Comunica&ccedil;&atilde;o e Inform&aacute;tica da C&acirc;mara; Comiss&atilde;o de Ci&ecirc;ncia e Tecnologia, Comunica&ccedil;&atilde;o, Inova&ccedil;&atilde;o e Inform&aacute;tica do Senado; e a Anatel,&nbsp;a<\/span><span> &quot;Confer&ecirc;ncia Nacional Preparat&oacute;ria de Comunica&ccedil;&otilde;es&quot;&nbsp; acontecer&aacute; entre os dias 14 e 16 de agosto, com o objetivo de estudar os diversos temas que envolvem as tecnologias e a converg&ecirc;ncia, seus impactos nos servi&ccedil;os, as modifica&ccedil;&otilde;es necess&aacute;rias na legisla&ccedil;&atilde;o e na regulamenta&ccedil;&atilde;o das comunica&ccedil;&otilde;es. A confer&ecirc;ncia ser&aacute; realizada no audit&oacute;rio Nereu Ramos, na C&acirc;mara, e no audit&oacute;rio Petr&ocirc;nio Portela, no Senado.<\/p>\n<p><\/span><span>O tema &quot;Uma Nova Pol&iacute;tica para a Converg&ecirc;ncia Tecnol&oacute;gica e o Futuro das Comunica&ccedil;&otilde;es&quot; ser&aacute; debatido em sete pain&eacute;is. As discuss&otilde;es abordar&atilde;o a necessidade de mudan&ccedil;as na regulamenta&ccedil;&atilde;o; a reorganiza&ccedil;&atilde;o do mercado global de comunica&ccedil;&otilde;es e as novas fronteiras entre o audiovisual e as telecomunica&ccedil;&otilde;es; produ&ccedil;&atilde;o e distribui&ccedil;&atilde;o de conte&uacute;do; prote&ccedil;&atilde;o para conte&uacute;do nacional; regionaliza&ccedil;&atilde;o; produ&ccedil;&atilde;o independente; propriedade dos operadores; inclus&atilde;o digital; radiodifus&atilde;o digital; pol&iacute;tica de desenvolvimento tecnol&oacute;gico e industrial e novos servi&ccedil;os; e a competitividade nas telecomunica&ccedil;&otilde;es, com foco para as licita&ccedil;&otilde;es da terceira gera&ccedil;&atilde;o da telefonia m&oacute;vel (3G) e WiMax.<\/span><\/p>\n","protected":false},"excerpt":{"rendered":"<p>Organizada pelo Minist&eacute;rio das Comunica&ccedil;&otilde;es; Comiss&atilde;o de Ci&ecirc;ncia e Tecnologia, Comunica&ccedil;&atilde;o e Inform&aacute;tica da C&acirc;mara; Comiss&atilde;o de Ci&ecirc;ncia e Tecnologia, Comunica&ccedil;&atilde;o, Inova&ccedil;&atilde;o e Inform&aacute;tica do Senado; e a Anatel,&nbsp;a &quot;Confer&ecirc;ncia Nacional Preparat&oacute;ria de Comunica&ccedil;&otilde;es&quot;&nbsp; acontecer&aacute; entre os dias 14 e 16 de agosto, com o objetivo de estudar os diversos temas que envolvem as tecnologias &hellip; <a href=\"https:\/\/obscom.intervozes.org.br\/?p=18722\" class=\"more-link\">Continue lendo <span class=\"screen-reader-text\">&#8220;Confer\u00eancia Preparat\u00f3ria&#8221; no Senado e na C\u00e2mara discutir\u00e1 pol\u00edticas de comunica\u00e7\u00e3o<\/span> <span class=\"meta-nav\">&rarr;<\/span><\/a><\/p>\n","protected":false},"author":1,"featured_media":0,"comment_status":"open","ping_status":"open","sticky":false,"template":"","format":"standard","meta":{"footnotes":""},"categories":[39],"tags":[],"_links":{"self":[{"href":"https:\/\/obscom.intervozes.org.br\/index.php?rest_route=\/wp\/v2\/posts\/18722"}],"collection":[{"href":"https:\/\/obscom.intervozes.org.br\/index.php?rest_route=\/wp\/v2\/posts"}],"about":[{"href":"https:\/\/obscom.intervozes.org.br\/index.php?rest_route=\/wp\/v2\/types\/post"}],"author":[{"embeddable":true,"href":"https:\/\/obscom.intervozes.org.br\/index.php?rest_route=\/wp\/v2\/users\/1"}],"replies":[{"embeddable":true,"href":"https:\/\/obscom.intervozes.org.br\/index.php?rest_route=%2Fwp%2Fv2%2Fcomments&post=18722"}],"version-history":[{"count":0,"href":"https:\/\/obscom.intervozes.org.br\/index.php?rest_route=\/wp\/v2\/posts\/18722\/revisions"}],"wp:attachment":[{"href":"https:\/\/obscom.intervozes.org.br\/index.php?rest_route=%2Fwp%2Fv2%2Fmedia&parent=18722"}],"wp:term":[{"taxonomy":"category","embeddable":true,"href":"https:\/\/obscom.intervozes.org.br\/index.php?rest_route=%2Fwp%2Fv2%2Fcategories&post=18722"},{"taxonomy":"post_tag","embeddable":true,"href":"https:\/\/obscom.intervozes.org.br\/index.php?rest_route=%2Fwp%2Fv2%2Ftags&post=18722"}],"curies":[{"name":"wp","href":"https:\/\/api.w.org\/{rel}","templated":true}]}}