{"id":18714,"date":"2007-07-12T10:30:04","date_gmt":"2007-07-12T10:30:04","guid":{"rendered":"https:\/\/obscom.intervozes.org.br\/wordpress\/?p=18714"},"modified":"2007-07-12T10:30:04","modified_gmt":"2007-07-12T10:30:04","slug":"ministerio-da-justica-publica-novas-regras-para-tvs","status":"publish","type":"post","link":"https:\/\/obscom.intervozes.org.br\/?p=18714","title":{"rendered":"Minist\u00e9rio da Justi\u00e7a publica novas regras para TVs"},"content":{"rendered":"<p>A partir desta quinta-feira, passam a valer as novas regras para a classifica&ccedil;&atilde;o indicativa para programas de televis&atilde;o. S&atilde;o, de fato, novas regras, j&aacute; que a portaria publicada nesta quarta (11 de julho) pelo Minist&eacute;rio da Justi&ccedil;a modifica substancialmente o conte&uacute;do da regulamenta&ccedil;&atilde;o editada em fevereiro deste ano e que foi alvo de seguidos questionamentos pelas emissoras de TV.<\/p>\n<p>A principal mudan&ccedil;a est&aacute; no modo como se instaura o processo de classifica&ccedil;&atilde;o, como j&aacute; antecipado por representantes do MJ. A Portaria 1.220, ao contr&aacute;rio da sua predecessora (a de n&uacute;mero 264), extingue a an&aacute;lise pr&eacute;via do conte&uacute;do. A partir de agora, as emissoras far&atilde;o uma auto-classifica&ccedil;&atilde;o dos programas, definindo elas pr&oacute;prias a faixa et&aacute;ria a que estes s&atilde;o adequados. Somente ap&oacute;s a exibi&ccedil;&atilde;o do programa, o MJ poder&aacute; fazer a classifica&ccedil;&atilde;o e verificar se a avalia&ccedil;&atilde;o das emissoras foi adequada.<\/p>\n<p>A an&aacute;lise pr&eacute;via foi insistentemente questionada pelas emissoras nos &uacute;ltimos meses. A medida, que vale para outras obras audiovisuais (como filmes para cinema) e art&iacute;sticas (como teatro), foi de forma constante confundida propositadamente com censura. Outro ponto questionado da mesma forma pelos radiodifusores foi a vincula&ccedil;&atilde;o entre a classifica&ccedil;&atilde;o e o hor&aacute;rio de exibi&ccedil;&atilde;o.<\/p>\n<p>Na nova portaria, a vincula&ccedil;&atilde;o &eacute; mantida, inclusive indicando que devem ser considerados os diferentes fusos hor&aacute;rios vigentes no pa&iacute;s. Por&eacute;m, a express&atilde;o &ldquo;terminantemente vedada a exibi&ccedil;&atilde;o&rdquo;, presente nas regulamenta&ccedil;&otilde;es anteriores, foi substitu&iacute;da por &ldquo;inadequada para exibi&ccedil;&atilde;o&rdquo;.<\/p>\n<p>O iretor do Departamento de Justi&ccedil;a do MJ, Jos&eacute; Eduardo Rom&atilde;o, explica que se compreendeu que a express&atilde;o era um excesso dentro da regulamenta&ccedil;&atilde;o. Segundo Rom&atilde;o, n&atilde;o &eacute; necess&aacute;rio que a portaria estabele&ccedil;a este limite, j&aacute; que ele &eacute; dado por legisla&ccedil;&atilde;o superior, no caso, o Estatuto da Crian&ccedil;a e do Adolescente (ECA). &ldquo;O que o MJ n&atilde;o pode deixar de fazer &eacute; regulamentar a vincula&ccedil;&atilde;o entre hor&aacute;rio e classifica&ccedil;&atilde;o, o que &eacute; feito pela portaria&rdquo;, diz.<\/p>\n<p>Por&eacute;m, o procurador S&eacute;rgio Suiama, do Minist&eacute;rio P&uacute;blico Federal em S&atilde;o Paulo, acredita que o novo texto &ldquo;n&atilde;o resolve a quest&atilde;o do cumprimento das indica&ccedil;&otilde;es de hor&aacute;rios&rdquo;. &ldquo;O programa vai ao ar em qualquer hor&aacute;rio e o MJ leva dias para se pronunciar e, depois, a Justi&ccedil;a leva meses para se pronunciar&rdquo;, justifica Suiama. &ldquo;Mesmo o fuso hor&aacute;rio fica sem sentido, porque o hor&aacute;rio n&atilde;o &eacute; mais mandat&oacute;rio.&rdquo; <\/p>\n<p><strong>Adequa&ccedil;&atilde;o<\/p>\n<p><\/strong>O mesmo problema vale para a pr&oacute;pria classifica&ccedil;&atilde;o, aponta o procurador, lembrando que em muitos casos os programas s&atilde;o veiculados em per&iacute;odos curtos, ou seja, n&atilde;o est&atilde;o sujeitos a adequa&ccedil;&otilde;es. O pior, entretanto, para Suiama &eacute; o fato de o Estado deixar &ldquo;para a emissora fazer a classifica&ccedil;&atilde;o, como se a emissora fosse a institui&ccedil;&atilde;o mais adequada para decidir sobre isso&rdquo;.<\/p>\n<p>O questionamento se sustenta tamb&eacute;m no fato de que n&atilde;o h&aacute; crit&eacute;rios detalhados e p&uacute;blicos aos quais as emissoras est&atilde;o obrigadas a responder na sua auto-classifica&ccedil;&atilde;o. Hoje, a legisla&ccedil;&atilde;o estabelece como limites o &ldquo;excesso de viol&ecirc;ncia e sexo&rdquo;. Por&eacute;m, n&atilde;o h&aacute; regulamenta&ccedil;&atilde;o sobre o que seria excessivo e o que n&atilde;o seria.<\/p>\n<p>J&aacute; os avaliadores ligados ao Minist&eacute;rio da Justi&ccedil;a trabalham a partir de um manual, onde s&atilde;o estabelecidos indicadores para medir os excessos. Este manual, que j&aacute; &eacute; usado para a classifica&ccedil;&atilde;o de filmes para cinema, games e teatro, seguir&aacute; sendo a base da classifica&ccedil;&atilde;o, mas esta s&oacute; ser&aacute; feita ap&oacute;s a exibi&ccedil;&atilde;o do programa. Havendo discrep&acirc;ncia entre a classifica&ccedil;&atilde;o do MJ e a auto-avalia&ccedil;&atilde;o da emissora, a quest&atilde;o ser&aacute; enviada ao Minist&eacute;rio P&uacute;blico, a quem caber&aacute; propor ou n&atilde;o um Termo de Ajuste de Conduta ou uma A&ccedil;&atilde;o Civil P&uacute;blica contra a emissora.<\/p>\n<p>Para o diretor do Dejus, &ldquo;o medo das emissoras est&aacute; neste envio ao Minist&eacute;rio P&uacute;blico&rdquo;. Ao mesmo tempo, Rom&atilde;o declara que a portaria &ldquo;limpa o campo&rdquo; em termos jur&iacute;dicos e evita &ldquo;que as emissoras mobilizem ou dirijam a sua press&atilde;o para negocia&ccedil;&otilde;es dentro do MJ&rdquo;.<\/p>\n<p>Em rela&ccedil;&atilde;o aos crit&eacute;rios usados pelas emissoras para auto-avaliarem seus programas, tanto Rom&atilde;o como o coordenador de rela&ccedil;&otilde;es acad&ecirc;micas da Ag&ecirc;ncia de Not&iacute;cias dos Direitos da Inf&acirc;ncia (Andi), Guilherme Canela, acreditam que eles ser&atilde;o estabelecidos e publicizados com o tempo. Ambos compartilham a avalia&ccedil;&atilde;o de que a press&atilde;o da san&ccedil;&atilde;o pelo Judici&aacute;rio e a press&atilde;o p&uacute;blica trabalhar&atilde;o a favor da explicita&ccedil;&atilde;o dos crit&eacute;rios das emissoras.<\/p>\n<p>De acordo com Rom&atilde;o, &ldquo;antes, a an&aacute;lise pr&eacute;via afastava a responsabilidade da avalia&ccedil;&atilde;o pelas emissoras do seu pr&oacute;prio produto&rdquo;.<\/p>\n<p>Canela apontou como problem&aacute;tica a extin&ccedil;&atilde;o da categoria &ldquo;Especialmente Recomendado para Crian&ccedil;as e Adolescentes&rdquo;, prevista na portaria anterior. Este selo era visto como um incentivo &agrave; qualifica&ccedil;&atilde;o da programa&ccedil;&atilde;o voltada para este p&uacute;blico.<\/p>\n<p>Outra mudan&ccedil;a estabelecida pela Portaria 1220 &eacute; a extens&atilde;o do prazo para que as emissoras ajustem o hor&aacute;rio da programa&ccedil;&atilde;o nos estados com o fuso hor&aacute;rio diverso ao de Bras&iacute;lia para seis meses. A nova regulamenta&ccedil;&atilde;o ainda esclarece que os programas veiculados em TV a Cabo est&atilde;o sujeitos &agrave; classifica&ccedil;&atilde;o indicativa, mas n&atilde;o h&aacute; vincula&ccedil;&atilde;o aos hor&aacute;rios de exibi&ccedil;&atilde;o. Isso porque, nesta modalidade, os pais podem recorrer a dispositivos t&eacute;cnicos para evitar que as crian&ccedil;as assistam aos programas inadequados para sua faixa et&aacute;ria.<\/p>\n<p><strong>Saldo do debate<\/strong><\/p>\n<p>Ainda que a nova regulamenta&ccedil;&atilde;o tenha sido feita sob a influ&ecirc;ncia de uma forte press&atilde;o das emissoras de TV e, por esta raz&atilde;o, reflita de forma mais expl&iacute;cita este lobby, para os envolvidos no longo debate sobre a classifica&ccedil;&atilde;o indicativa o saldo tende a ser positivo.<\/p>\n<p>Para Guilherme Canela, da Andi, a participa&ccedil;&atilde;o de atores de diversos segmentos &ndash; dos direitos da inf&acirc;ncia, dos direitos humanos e da &aacute;rea da comunica&ccedil;&atilde;o &ndash; &eacute; um indicador do avan&ccedil;o do tema comunica&ccedil;&atilde;o na sociedade. &ldquo;E tamb&eacute;m precisamos reconhecer que nunca antes houve um debate sobre a regula&ccedil;&atilde;o da pr&oacute;pria m&iacute;dia que tenha sido t&atilde;o longo e tenha aparecido na grande m&iacute;dia &ndash; com campanhas institucionais, com entrevistadores dedicando-se &agrave; tarefa de falar do tema, com an&uacute;ncios pagos em jornais&rdquo;, avalia Canela.<\/p>\n<p>O espa&ccedil;o a que Canela se refere, entretanto, foi usado majoritariamente para enfraquecer a proposta da classifica&ccedil;&atilde;o indicativa. Pela televis&atilde;o, apenas um debate foi realizado contando com a participa&ccedil;&atilde;o de ambos os lados da contenda. Na sua programa&ccedil;&atilde;o regular, as emissoras (especialmente, as comerciais) abusaram do recurso da entrevista com opositores da medida. Na ter&ccedil;a-feira, v&eacute;spera da edi&ccedil;&atilde;o da nova portaria, an&uacute;ncio de p&aacute;gina inteira foi veiculado nos grandes jornais do pa&iacute;s, assinado por um grupo de artistas e ONGs. N&atilde;o h&aacute; indica&ccedil;&atilde;o de quem pagou este an&uacute;ncio.<\/p>\n<p>Mesmo considerando esta desigualdade, para Rom&atilde;o o debate foi &ldquo;fartamente democr&aacute;tico&rdquo;. Um indicador para isto seria o tempo de gesta&ccedil;&atilde;o da regulamenta&ccedil;&atilde;o e a revis&atilde;o a que se prop&ocirc;s o Minist&eacute;rio da Justi&ccedil;a. Entretanto, o diretor do Dejus n&atilde;o afasta a possibilidade de que as emissoras venham a questionar a nova portaria na Justi&ccedil;a.<\/p>\n<p>Ele tamb&eacute;m aponta o engajamento de v&aacute;rios setores da sociedade civil como um fato a ser festejado. &ldquo;Mais do que isso, acredito que ficou claro que um debate acerca da regulamenta&ccedil;&atilde;o das comunica&ccedil;&otilde;es s&oacute; pode ser feito com um processo fartamente democr&aacute;tico e este &eacute; o link necess&aacute;rio que tem de ser feito com as demandas dos movimentos pela democratiza&ccedil;&atilde;o da comunica&ccedil;&atilde;o. Em especial, a necessidade de participa&ccedil;&atilde;o nos processos regulat&oacute;rios aponta para a demanda dos movimentos pela realiza&ccedil;&atilde;o da Confer&ecirc;ncia Nacional das Comunica&ccedil;&otilde;es&rdquo;, conclui.<\/p>\n<p>&nbsp;<img loading=\"lazy\" decoding=\"async\" src=\"images\/stories\/politica_publicacoes\/c_invertido_pq.png\" alt=\"Active Image\" width=\"15\" height=\"15\" \/><\/p>\n<p>&nbsp;<\/p>\n","protected":false},"excerpt":{"rendered":"<p>A partir desta quinta-feira passam a valer as regras para a classifica\u00e7\u00e3o indicativa de programas de televis\u00e3o, com altera\u00e7\u00f5es substanciais em rela\u00e7\u00e3o \u00e0 regulamenta\u00e7\u00e3o editada em fevereiro. Agora, avalia\u00e7\u00e3o dos programas ser\u00e1 feita primeiro pelas pr\u00f3prias emissoras.<\/p>\n","protected":false},"author":1,"featured_media":0,"comment_status":"open","ping_status":"open","sticky":false,"template":"","format":"standard","meta":{"footnotes":""},"categories":[40],"tags":[111],"_links":{"self":[{"href":"https:\/\/obscom.intervozes.org.br\/index.php?rest_route=\/wp\/v2\/posts\/18714"}],"collection":[{"href":"https:\/\/obscom.intervozes.org.br\/index.php?rest_route=\/wp\/v2\/posts"}],"about":[{"href":"https:\/\/obscom.intervozes.org.br\/index.php?rest_route=\/wp\/v2\/types\/post"}],"author":[{"embeddable":true,"href":"https:\/\/obscom.intervozes.org.br\/index.php?rest_route=\/wp\/v2\/users\/1"}],"replies":[{"embeddable":true,"href":"https:\/\/obscom.intervozes.org.br\/index.php?rest_route=%2Fwp%2Fv2%2Fcomments&post=18714"}],"version-history":[{"count":0,"href":"https:\/\/obscom.intervozes.org.br\/index.php?rest_route=\/wp\/v2\/posts\/18714\/revisions"}],"wp:attachment":[{"href":"https:\/\/obscom.intervozes.org.br\/index.php?rest_route=%2Fwp%2Fv2%2Fmedia&parent=18714"}],"wp:term":[{"taxonomy":"category","embeddable":true,"href":"https:\/\/obscom.intervozes.org.br\/index.php?rest_route=%2Fwp%2Fv2%2Fcategories&post=18714"},{"taxonomy":"post_tag","embeddable":true,"href":"https:\/\/obscom.intervozes.org.br\/index.php?rest_route=%2Fwp%2Fv2%2Ftags&post=18714"}],"curies":[{"name":"wp","href":"https:\/\/api.w.org\/{rel}","templated":true}]}}