{"id":18712,"date":"2007-07-11T17:43:45","date_gmt":"2007-07-11T17:43:45","guid":{"rendered":"https:\/\/obscom.intervozes.org.br\/wordpress\/?p=18712"},"modified":"2007-07-11T17:43:45","modified_gmt":"2007-07-11T17:43:45","slug":"em-audiencia-franklin-compromete-se-a-discutir-com-lula-realizacao-de-conferencia-de-comunicacao","status":"publish","type":"post","link":"https:\/\/obscom.intervozes.org.br\/?p=18712","title":{"rendered":"Em audi\u00eancia, Franklin compromete-se a discutir com Lula realiza\u00e7\u00e3o de Confer\u00eancia de Comunica\u00e7\u00e3o"},"content":{"rendered":"<p><span>Al&eacute;m das organiza&ccedil;&otilde;es da sociedade civil, reuniram-se com o ministro da Secretaria de Comunica&ccedil;&atilde;o Social os deputados federais Luiz Couto (presidente da Comiss&atilde;o de Direitos Humanos e Minorias) e Luiza Erundina (coordenadora da Subcomiss&atilde;o de Radiodifus&atilde;o da Comiss&atilde;o de Ci&ecirc;ncia e Tecnologia, Comunica&ccedil;&atilde;o e Inform&aacute;tica). No encontro, as entidades e parlamentares entregaram ao ministro a &ldquo;Carta Aberta ao Presidente da Rep&uacute;blica Por uma Leg&iacute;tima e Democr&aacute;tica Confer&ecirc;ncia Nacional de Comunica&ccedil;&otilde;es&rdquo;, documento final do Encontro Nacional de Comunica&ccedil;&otilde;es. <\/p>\n<p><\/span><span>No encontro, al&eacute;m de comprometer-se a encaminhar a carta ao presidente Lula, Martins afirmou julgar que o caminho mais apropriado para discutir mudan&ccedil;as no marco regulat&oacute;rio das comunica&ccedil;&otilde;es &eacute; o Congresso Nacional. As interven&ccedil;&otilde;es da sociedade civil, por outro lado, centraram-se na defesa do car&aacute;ter amplo da Confer&ecirc;ncia como instrumento democr&aacute;tico de formula&ccedil;&atilde;o de um novo projeto para a comunica&ccedil;&atilde;o, a exemplo do que j&aacute; vem ocorrendo nas pol&iacute;ticas p&uacute;blicas de outros setores.<\/p>\n<p><\/span><span>Ap&oacute;s a audi&ecirc;ncia, foram entregues c&oacute;pias da Carta Aberta &agrave; Casa Civil e &agrave; Secretaria Geral da Presid&ecirc;ncia da Rep&uacute;blica. <\/span><\/p>\n","protected":false},"excerpt":{"rendered":"<p>Al&eacute;m das organiza&ccedil;&otilde;es da sociedade civil, reuniram-se com o ministro da Secretaria de Comunica&ccedil;&atilde;o Social os deputados federais Luiz Couto (presidente da Comiss&atilde;o de Direitos Humanos e Minorias) e Luiza Erundina (coordenadora da Subcomiss&atilde;o de Radiodifus&atilde;o da Comiss&atilde;o de Ci&ecirc;ncia e Tecnologia, Comunica&ccedil;&atilde;o e Inform&aacute;tica). No encontro, as entidades e parlamentares entregaram ao ministro a &hellip; <a href=\"https:\/\/obscom.intervozes.org.br\/?p=18712\" class=\"more-link\">Continue lendo <span class=\"screen-reader-text\">Em audi\u00eancia, Franklin compromete-se a discutir com Lula realiza\u00e7\u00e3o de Confer\u00eancia de Comunica\u00e7\u00e3o<\/span> <span class=\"meta-nav\">&rarr;<\/span><\/a><\/p>\n","protected":false},"author":1,"featured_media":0,"comment_status":"open","ping_status":"open","sticky":false,"template":"","format":"standard","meta":{"footnotes":""},"categories":[39],"tags":[],"_links":{"self":[{"href":"https:\/\/obscom.intervozes.org.br\/index.php?rest_route=\/wp\/v2\/posts\/18712"}],"collection":[{"href":"https:\/\/obscom.intervozes.org.br\/index.php?rest_route=\/wp\/v2\/posts"}],"about":[{"href":"https:\/\/obscom.intervozes.org.br\/index.php?rest_route=\/wp\/v2\/types\/post"}],"author":[{"embeddable":true,"href":"https:\/\/obscom.intervozes.org.br\/index.php?rest_route=\/wp\/v2\/users\/1"}],"replies":[{"embeddable":true,"href":"https:\/\/obscom.intervozes.org.br\/index.php?rest_route=%2Fwp%2Fv2%2Fcomments&post=18712"}],"version-history":[{"count":0,"href":"https:\/\/obscom.intervozes.org.br\/index.php?rest_route=\/wp\/v2\/posts\/18712\/revisions"}],"wp:attachment":[{"href":"https:\/\/obscom.intervozes.org.br\/index.php?rest_route=%2Fwp%2Fv2%2Fmedia&parent=18712"}],"wp:term":[{"taxonomy":"category","embeddable":true,"href":"https:\/\/obscom.intervozes.org.br\/index.php?rest_route=%2Fwp%2Fv2%2Fcategories&post=18712"},{"taxonomy":"post_tag","embeddable":true,"href":"https:\/\/obscom.intervozes.org.br\/index.php?rest_route=%2Fwp%2Fv2%2Ftags&post=18712"}],"curies":[{"name":"wp","href":"https:\/\/api.w.org\/{rel}","templated":true}]}}