{"id":18709,"date":"2007-07-11T16:28:13","date_gmt":"2007-07-11T16:28:13","guid":{"rendered":"https:\/\/obscom.intervozes.org.br\/wordpress\/?p=18709"},"modified":"2007-07-11T16:28:13","modified_gmt":"2007-07-11T16:28:13","slug":"inclusao-digital-na-educacao-brasileira-como-forma-de-justica-social","status":"publish","type":"post","link":"https:\/\/obscom.intervozes.org.br\/?p=18709","title":{"rendered":"Inclus\u00e3o digital na educa\u00e7\u00e3o brasileira como forma de justi\u00e7a social"},"content":{"rendered":"<p><span>A recente revolu&ccedil;&atilde;o provocada pela inform&aacute;tica produziu ferramentas muito valiosas para a amplia&ccedil;&atilde;o dos fluxos de informa&ccedil;&atilde;o e, com isso, para a universaliza&ccedil;&atilde;o do conhecimento. De instrumento virtual, a Internet passou a ser instrumento concreto de acesso &agrave; Cultura. Apesar disto, a n&atilde;o universaliza&ccedil;&atilde;o do acesso ao produto desta revolu&ccedil;&atilde;o amea&ccedil;a com o surgimento de assimetrias de informa&ccedil;&atilde;o contr&aacute;rias &agrave; Democracia, pois reprodutoras de exclus&atilde;o em uma era informacional.<\/p>\n<p><\/span><span>Se as inova&ccedil;&otilde;es nos meios de transporte &agrave; &eacute;poca da Primeira Revolu&ccedil;&atilde;o Industrial produziram o encurtamento das dist&acirc;ncias, ent&atilde;o, &eacute; imperativo que se reconhe&ccedil;a na Inform&aacute;tica o potencial para dilata&ccedil;&atilde;o do tempo. Complexos c&aacute;lculos matem&aacute;ticos ao alcance de uma simples seq&uuml;&ecirc;ncia de bot&otilde;es. Assim, tem-se acesso, de forma r&aacute;pida e a baixo custo, a conhecimento cujas principais caracter&iacute;sticas s&atilde;o a universalidade e generalidade. Isto porque pesquisar em meio virtual &eacute; dialogar em diferentes &eacute;pocas, com uma infinidade de interlocutores, nas mais diversas l&iacute;nguas. Logo, &eacute; canal para conhecimento dispon&iacute;vel igualmente a todos, dentro das mais variadas &aacute;reas de interesse.<\/p>\n<p><\/span><span>Vive-se hoje em dia no que se convencionou chamar de era informacional. Neste meio, informa&ccedil;&atilde;o &eacute; um ativo de grande valia, movendo mercados e mobilizando consci&ecirc;ncias. Quem mais rapidamente concentra informa&ccedil;&otilde;es diminui seus custos de transa&ccedil;&atilde;o, isto &eacute;, ganha vantagem competitiva, evitando problemas causados pelas assimetrias de que nos falam economistas como Ronald Coase. Em sociedade como esta, apenas a democratiza&ccedil;&atilde;o do acesso r&aacute;pido a informa&ccedil;&atilde;o permite igualdade de condi&ccedil;&otilde;es para o desenvolvimento.<\/p>\n<p><\/span><span>&Eacute; tendo isto em vista que surge como uma amea&ccedil;a &agrave; Democracia a desigualdade percebida no pa&iacute;s entre os homens no que se refere ao acesso a estas novas ferramentas que buscam ampliar os fluxos comunicativos. Ao mesmo tempo em que a possibilidade de acesso a esta informa&ccedil;&atilde;o apresenta potencial emancipat&oacute;rio, a exclus&atilde;o desta possibilidade mostra-se como forma de domina&ccedil;&atilde;o. Nos dizeres de Christiano German, professor de Ci&ecirc;ncia Pol&iacute;tica na Universidade de Eichst&auml;tt, na Alemanha, a cl&aacute;ssica divis&atilde;o entre detentores de capital e trabalhadores, deu lugar a uma nova divis&atilde;o social entre ricos em informa&ccedil;&atilde;o e pobres em informa&ccedil;&atilde;o. Neste sentido, o tema da inclus&atilde;o digital apresenta-se como not&aacute;vel quest&atilde;o de inclus&atilde;o social.<\/p>\n<p><\/span><span>Ademais, a valoriza&ccedil;&atilde;o da Educa&ccedil;&atilde;o como meio adequado para a cidadania em um contexto democr&aacute;tico &eacute; conseq&uuml;&ecirc;ncia da necessidade objetiva de um povo de dar a todos condi&ccedil;&otilde;es de desenvolverem suas potencialidades. Nesta perspectiva, n&atilde;o h&aacute; lugar para a exclus&atilde;o de alguns do poder distribu&iacute;do pela revolu&ccedil;&atilde;o desencadeada pela Inform&aacute;tica. Pelo contr&aacute;rio, &eacute; essencial que o acesso aos canais gerados seja universalizado, de forma a evitar o aumento da dist&acirc;ncia entre os socialmente inseridos e aqueles que vivem &agrave;s margens da sociedade.<\/p>\n<p><\/span><span>Desta feita, &eacute; ineg&aacute;vel o fato de que a Inform&aacute;tica trouxe inestim&aacute;veis possibilidades de aumento dos fluxos de informa&ccedil;&atilde;o, permitindo a redu&ccedil;&atilde;o dos custos de transa&ccedil;&atilde;o e maximizando as possibilidades de conhecimento da humanidade. Por outro lado, n&atilde;o se pode perder de vista a necessidade de se universalizar o acesso a estes novos mecanismos, donde se destaca a Internet, como maneira de assegurar entre os homens a igualdade de condi&ccedil;&otilde;es necess&aacute;ria ao exerc&iacute;cio da Democracia. N&atilde;o &eacute; poss&iacute;vel haver hoje no Brasil, portanto, inclus&atilde;o social por meio da Educa&ccedil;&atilde;o, quando desligada da id&eacute;ia de inclus&atilde;o digital.<\/p>\n<p><\/span><span><em>* Luis Felipe Vidal Arellano &eacute; acad&ecirc;mico do curso de Direito na Universidade de S&atilde;o Paulo &ndash; FDUSP, vencedor do Pr&ecirc;mio Interactus de Jornalismo no ano de 2004, com publica&ccedil;&otilde;es em revistas e outros peri&oacute;dicos. <\/em><\/span><\/p>\n","protected":false},"excerpt":{"rendered":"<p>A recente revolu&ccedil;&atilde;o provocada pela inform&aacute;tica produziu ferramentas muito valiosas para a amplia&ccedil;&atilde;o dos fluxos de informa&ccedil;&atilde;o e, com isso, para a universaliza&ccedil;&atilde;o do conhecimento. De instrumento virtual, a Internet passou a ser instrumento concreto de acesso &agrave; Cultura. Apesar disto, a n&atilde;o universaliza&ccedil;&atilde;o do acesso ao produto desta revolu&ccedil;&atilde;o amea&ccedil;a com o surgimento de &hellip; <a href=\"https:\/\/obscom.intervozes.org.br\/?p=18709\" class=\"more-link\">Continue lendo <span class=\"screen-reader-text\">Inclus\u00e3o digital na educa\u00e7\u00e3o brasileira como forma de justi\u00e7a social<\/span> <span class=\"meta-nav\">&rarr;<\/span><\/a><\/p>\n","protected":false},"author":1,"featured_media":0,"comment_status":"open","ping_status":"open","sticky":false,"template":"","format":"standard","meta":{"footnotes":""},"categories":[42],"tags":[],"_links":{"self":[{"href":"https:\/\/obscom.intervozes.org.br\/index.php?rest_route=\/wp\/v2\/posts\/18709"}],"collection":[{"href":"https:\/\/obscom.intervozes.org.br\/index.php?rest_route=\/wp\/v2\/posts"}],"about":[{"href":"https:\/\/obscom.intervozes.org.br\/index.php?rest_route=\/wp\/v2\/types\/post"}],"author":[{"embeddable":true,"href":"https:\/\/obscom.intervozes.org.br\/index.php?rest_route=\/wp\/v2\/users\/1"}],"replies":[{"embeddable":true,"href":"https:\/\/obscom.intervozes.org.br\/index.php?rest_route=%2Fwp%2Fv2%2Fcomments&post=18709"}],"version-history":[{"count":0,"href":"https:\/\/obscom.intervozes.org.br\/index.php?rest_route=\/wp\/v2\/posts\/18709\/revisions"}],"wp:attachment":[{"href":"https:\/\/obscom.intervozes.org.br\/index.php?rest_route=%2Fwp%2Fv2%2Fmedia&parent=18709"}],"wp:term":[{"taxonomy":"category","embeddable":true,"href":"https:\/\/obscom.intervozes.org.br\/index.php?rest_route=%2Fwp%2Fv2%2Fcategories&post=18709"},{"taxonomy":"post_tag","embeddable":true,"href":"https:\/\/obscom.intervozes.org.br\/index.php?rest_route=%2Fwp%2Fv2%2Ftags&post=18709"}],"curies":[{"name":"wp","href":"https:\/\/api.w.org\/{rel}","templated":true}]}}