{"id":18701,"date":"2007-07-11T11:28:02","date_gmt":"2007-07-11T11:28:02","guid":{"rendered":"https:\/\/obscom.intervozes.org.br\/wordpress\/?p=18701"},"modified":"2007-07-11T11:28:02","modified_gmt":"2007-07-11T11:28:02","slug":"audiencia-debate-limites-para-producoes-regionais-e-independentes-na-tv","status":"publish","type":"post","link":"https:\/\/obscom.intervozes.org.br\/?p=18701","title":{"rendered":"Audi\u00eancia debate limites para produ\u00e7\u00f5es regionais e independentes na TV"},"content":{"rendered":"<p>Bras&iacute;lia &#8211; A prote&ccedil;&atilde;o aos conte&uacute;dos regionais e &agrave; produ&ccedil;&atilde;o independente nas emissoras de r&aacute;dio e de televis&atilde;o foi tema de debate hoje (10) na C&acirc;mara dos Deputados. <\/p>\n<p>Em audi&ecirc;ncia p&uacute;blica na Comiss&atilde;o de Ci&ecirc;ncia e Tecnologia, parlamentares e representantes da sociedade civil e dos radiodifusores discutiram como deve ser feita a regulamenta&ccedil;&atilde;o do artigo 221 da Constitui&ccedil;&atilde;o, que prev&ecirc; o est&iacute;mulo aos programas independentes e &agrave;s atra&ccedil;&otilde;es produzidas fora dos grandes centros. <\/p>\n<p>Quase 20 anos ap&oacute;s a promulga&ccedil;&atilde;o da Constitui&ccedil;&atilde;o de 1988, o Congresso Nacional ainda n&atilde;o aprovou leis que especifiquem como tais dispositivos ser&atilde;o postos em pr&aacute;tica. Desde 1991, os parlamentares n&atilde;o conseguem votar o projeto de lei que estabelece percentuais m&iacute;nimos para a produ&ccedil;&atilde;o regional e independente (fora das emissoras). De autoria da ex-deputada Jandira Feghali (PCdoB-RJ), o projeto chegou a ser aprovado pela C&acirc;mara dos Deputados em 2002, mas desde ent&atilde;o est&aacute; parado no Senado. <\/p>\n<p>Integrante da executiva nacional do F&oacute;rum Nacional pela Democratiza&ccedil;&atilde;o da Comunica&ccedil;&atilde;o (FNDC), Berenice Mendes afirmou que a chegada da TV digital e das novas tecnologias torna ainda mais urgente a necessidade de retomar o debate. &ldquo;Hoje existe uma converg&ecirc;ncia entre televis&atilde;o, telefone, computador e internet que dificulta ainda mais a regulamenta&ccedil;&atilde;o dos conte&uacute;dos e da liberdade de express&atilde;o&rdquo;, avaliou. <\/p>\n<p>Ela defendeu ainda a realiza&ccedil;&atilde;o de uma confer&ecirc;ncia nacional para discutir o assunto: &ldquo;A maior parte da legisla&ccedil;&atilde;o sobre a radiodifus&atilde;o vem da ditadura, de modo que essa quest&atilde;o nunca foi debatida pelo povo brasileiro nem pelo Congresso&rdquo;. O FNDC re&uacute;ne mais de cem entidades em todo o pa&iacute;s que estimulam a leitura cr&iacute;tica da m&iacute;dia. <\/p>\n<p>Tamb&eacute;m convidada a participar da audi&ecirc;ncia, Jandira Feghali destacou que a ascens&atilde;o das novas tecnologias restringe a concorr&ecirc;ncia entre as m&iacute;dias, o que implica a presen&ccedil;a do Estado para regular as rela&ccedil;&otilde;es de mercado. &ldquo;A exclus&atilde;o das emissoras menores e dos produtores independentes &eacute; uma tend&ecirc;ncia de mercado, da&iacute; a necessidade de o poder p&uacute;blico garantir a sobreviv&ecirc;ncia dos programadores que se est&atilde;o fora dos circuitos estabelecidos&rdquo;, observou.<\/p>\n<p>Para o diretor-geral da Associa&ccedil;&atilde;o Brasileira de Emissoras de R&aacute;dio e Televis&atilde;o (Abert), Fl&aacute;vio Cavalcanti J&uacute;nior, a regulamenta&ccedil;&atilde;o precisa ser definida com urg&ecirc;ncia. Mas ele discorda da forma como as discuss&otilde;es est&atilde;o sendo conduzidas e critica o estabelecimento de horas semanais para a veicula&ccedil;&atilde;o de produ&ccedil;&otilde;es independentes e programas produzidos regionalmente, propostos no projeto de lei da ex-deputada. <\/p>\n<p>&ldquo;O artigo 221 da Constitui&ccedil;&atilde;o prev&ecirc; o est&iacute;mulo &agrave; produ&ccedil;&atilde;o independente, n&atilde;o a fixa&ccedil;&atilde;o de quotas. A cria&ccedil;&atilde;o de incentivos fiscais, de linhas de financiamento e de parcerias &eacute; mais eficaz que a imposi&ccedil;&atilde;o de limites, porque deixaria os programas independentes surgir de maneira natural&rdquo;, disse o representante da Abert. <\/p>\n<p>Sobre as produ&ccedil;&otilde;es regionais, ele manifestou preocupa&ccedil;&atilde;o com a possibilidade de a regionaliza&ccedil;&atilde;o levar problemas econ&ocirc;micos para as emissoras: &ldquo;O mercado &eacute; que paga nossos custos e permite eventuais lucros. R&aacute;dio e televis&atilde;o n&atilde;o ter&atilde;o como se sustentar se os anunciantes se afastarem, por causa do excesso de programas regionais&rdquo;. <\/p>\n<p>Jandira Feghali ressaltou que o projeto de lei &eacute; bastante flex&iacute;vel quanto ao tema. &ldquo;Por sugest&atilde;o da pr&oacute;pria Abert, os deputados inclu&iacute;ram limites diferenciados para os estados&rdquo;, rebateu. De acordo com o projeto de lei, o total de horas semanais m&iacute;nimas para a veicula&ccedil;&atilde;o de conte&uacute;dos regionais e independentes varia entre dez e 22, conforme o n&uacute;mero de domic&iacute;lios com televisores em cada estado.<\/p>\n<p>Ela disse ainda que n&atilde;o considera excessivos os limites propostos &agrave;s produ&ccedil;&otilde;es independentes: &ldquo;O projeto prev&ecirc; que 40% do tempo destinado a produ&ccedil;&otilde;es regionais dever&atilde;o ser dedicados aos programas independentes. E demos prazo de cinco anos para as emissoras de televis&atilde;o e de dois anos para as de r&aacute;dio se adaptarem.&rdquo; <\/p>\n<p>&nbsp;<img loading=\"lazy\" decoding=\"async\" src=\"images\/stories\/politica_publicacoes\/cc_pq.png\" alt=\"Active Image\" width=\"15\" height=\"15\" \/><\/p>\n<p>&nbsp;<\/p>\n","protected":false},"excerpt":{"rendered":"<p>Bras&iacute;lia &#8211; A prote&ccedil;&atilde;o aos conte&uacute;dos regionais e &agrave; produ&ccedil;&atilde;o independente nas emissoras de r&aacute;dio e de televis&atilde;o foi tema de debate hoje (10) na C&acirc;mara dos Deputados. Em audi&ecirc;ncia p&uacute;blica na Comiss&atilde;o de Ci&ecirc;ncia e Tecnologia, parlamentares e representantes da sociedade civil e dos radiodifusores discutiram como deve ser feita a regulamenta&ccedil;&atilde;o do artigo &hellip; <a href=\"https:\/\/obscom.intervozes.org.br\/?p=18701\" class=\"more-link\">Continue lendo <span class=\"screen-reader-text\">Audi\u00eancia debate limites para produ\u00e7\u00f5es regionais e independentes na TV<\/span> <span class=\"meta-nav\">&rarr;<\/span><\/a><\/p>\n","protected":false},"author":1,"featured_media":0,"comment_status":"open","ping_status":"open","sticky":false,"template":"","format":"standard","meta":{"footnotes":""},"categories":[40],"tags":[120],"_links":{"self":[{"href":"https:\/\/obscom.intervozes.org.br\/index.php?rest_route=\/wp\/v2\/posts\/18701"}],"collection":[{"href":"https:\/\/obscom.intervozes.org.br\/index.php?rest_route=\/wp\/v2\/posts"}],"about":[{"href":"https:\/\/obscom.intervozes.org.br\/index.php?rest_route=\/wp\/v2\/types\/post"}],"author":[{"embeddable":true,"href":"https:\/\/obscom.intervozes.org.br\/index.php?rest_route=\/wp\/v2\/users\/1"}],"replies":[{"embeddable":true,"href":"https:\/\/obscom.intervozes.org.br\/index.php?rest_route=%2Fwp%2Fv2%2Fcomments&post=18701"}],"version-history":[{"count":0,"href":"https:\/\/obscom.intervozes.org.br\/index.php?rest_route=\/wp\/v2\/posts\/18701\/revisions"}],"wp:attachment":[{"href":"https:\/\/obscom.intervozes.org.br\/index.php?rest_route=%2Fwp%2Fv2%2Fmedia&parent=18701"}],"wp:term":[{"taxonomy":"category","embeddable":true,"href":"https:\/\/obscom.intervozes.org.br\/index.php?rest_route=%2Fwp%2Fv2%2Fcategories&post=18701"},{"taxonomy":"post_tag","embeddable":true,"href":"https:\/\/obscom.intervozes.org.br\/index.php?rest_route=%2Fwp%2Fv2%2Ftags&post=18701"}],"curies":[{"name":"wp","href":"https:\/\/api.w.org\/{rel}","templated":true}]}}