{"id":18700,"date":"2007-07-11T11:09:31","date_gmt":"2007-07-11T11:09:31","guid":{"rendered":"https:\/\/obscom.intervozes.org.br\/wordpress\/?p=18700"},"modified":"2007-07-11T11:09:31","modified_gmt":"2007-07-11T11:09:31","slug":"ministerio-da-justica-anuncia-definicao-sobre-classificacao-indicativa","status":"publish","type":"post","link":"https:\/\/obscom.intervozes.org.br\/?p=18700","title":{"rendered":"Minist\u00e9rio da Justi\u00e7a anuncia defini\u00e7\u00e3o sobre classifica\u00e7\u00e3o indicativa"},"content":{"rendered":"<div>\n<p>O Minist&eacute;rio da Justi&ccedil;a anuncia nesta quarta-feira, 11, em entrevista coletiva, quais ser&atilde;o as altera&ccedil;&otilde;es a serem feitas na Portaria 264\/07, que define as regras para classifica&ccedil;&atilde;o indicativa. Uma das modifica&ccedil;&otilde;es ser&aacute; no artigo&nbsp;5&ordm;, que disp&otilde;e sobre a classifica&ccedil;&atilde;o de programas jornal&iacute;sticos. De acordo com a assessoria de imprensa do minist&eacute;rio, ser&aacute; substitu&iacute;da o conte&uacute;do que diz: &quot;n&atilde;o est&atilde;o sujeitos &agrave; an&aacute;lise pr&eacute;via de conte&uacute;do no &acirc;mbito do Minist&eacute;rio da Justi&ccedil;a&#8230;&quot; por &quot;n&atilde;o est&atilde;o sujeitos &agrave; classifica&ccedil;&atilde;o indicativa no &acirc;mbito do Minist&eacute;rio da Justi&ccedil;a&#8230;&quot;. <\/p>\n<p>A nova reda&ccedil;&atilde;o da Portaria 2064\/07 ser&aacute; publicada no Di&aacute;rio Oficial da Uni&atilde;o (DOU) da pr&oacute;xima quinta-feira, 12. A assessoria do Minist&eacute;rio ainda n&atilde;o tem informa&ccedil;&otilde;es se os pontos mais pol&ecirc;micos como a&nbsp;an&aacute;lise pr&eacute;via e a classifica&ccedil;&atilde;o et&aacute;ria foram alterados. <\/p>\n<\/div>\n","protected":false},"excerpt":{"rendered":"<p>O Minist&eacute;rio da Justi&ccedil;a anuncia nesta quarta-feira, 11, em entrevista coletiva, quais ser&atilde;o as altera&ccedil;&otilde;es a serem feitas na Portaria 264\/07, que define as regras para classifica&ccedil;&atilde;o indicativa. Uma das modifica&ccedil;&otilde;es ser&aacute; no artigo&nbsp;5&ordm;, que disp&otilde;e sobre a classifica&ccedil;&atilde;o de programas jornal&iacute;sticos. De acordo com a assessoria de imprensa do minist&eacute;rio, ser&aacute; substitu&iacute;da o conte&uacute;do &hellip; <a href=\"https:\/\/obscom.intervozes.org.br\/?p=18700\" class=\"more-link\">Continue lendo <span class=\"screen-reader-text\">Minist\u00e9rio da Justi\u00e7a anuncia defini\u00e7\u00e3o sobre classifica\u00e7\u00e3o indicativa<\/span> <span class=\"meta-nav\">&rarr;<\/span><\/a><\/p>\n","protected":false},"author":1,"featured_media":0,"comment_status":"open","ping_status":"open","sticky":false,"template":"","format":"standard","meta":{"footnotes":""},"categories":[39],"tags":[],"_links":{"self":[{"href":"https:\/\/obscom.intervozes.org.br\/index.php?rest_route=\/wp\/v2\/posts\/18700"}],"collection":[{"href":"https:\/\/obscom.intervozes.org.br\/index.php?rest_route=\/wp\/v2\/posts"}],"about":[{"href":"https:\/\/obscom.intervozes.org.br\/index.php?rest_route=\/wp\/v2\/types\/post"}],"author":[{"embeddable":true,"href":"https:\/\/obscom.intervozes.org.br\/index.php?rest_route=\/wp\/v2\/users\/1"}],"replies":[{"embeddable":true,"href":"https:\/\/obscom.intervozes.org.br\/index.php?rest_route=%2Fwp%2Fv2%2Fcomments&post=18700"}],"version-history":[{"count":0,"href":"https:\/\/obscom.intervozes.org.br\/index.php?rest_route=\/wp\/v2\/posts\/18700\/revisions"}],"wp:attachment":[{"href":"https:\/\/obscom.intervozes.org.br\/index.php?rest_route=%2Fwp%2Fv2%2Fmedia&parent=18700"}],"wp:term":[{"taxonomy":"category","embeddable":true,"href":"https:\/\/obscom.intervozes.org.br\/index.php?rest_route=%2Fwp%2Fv2%2Fcategories&post=18700"},{"taxonomy":"post_tag","embeddable":true,"href":"https:\/\/obscom.intervozes.org.br\/index.php?rest_route=%2Fwp%2Fv2%2Ftags&post=18700"}],"curies":[{"name":"wp","href":"https:\/\/api.w.org\/{rel}","templated":true}]}}