{"id":18684,"date":"2007-07-09T16:29:34","date_gmt":"2007-07-09T16:29:34","guid":{"rendered":"https:\/\/obscom.intervozes.org.br\/wordpress\/?p=18684"},"modified":"2007-07-09T16:29:34","modified_gmt":"2007-07-09T16:29:34","slug":"nova-audiencia-discute-relacao-entre-teles-e-provedores","status":"publish","type":"post","link":"https:\/\/obscom.intervozes.org.br\/?p=18684","title":{"rendered":"Nova audi\u00eancia discute rela\u00e7\u00e3o entre teles e provedores"},"content":{"rendered":"<p>A Comiss&atilde;o de Ci&ecirc;ncia e Tecnologia, Comunica&ccedil;&atilde;o e Inform&aacute;tica far&aacute; uma nova audi&ecirc;ncia p&uacute;blica nesta quarta-feira (11) sobre o relacionamento entre prestadoras de servi&ccedil;os de telecomunica&ccedil;&otilde;es e provedores de internet. Na primeira audi&ecirc;ncia, no dia 14 de junho, os deputados ouviram representantes dos provedores. Na ocasi&atilde;o, os debatedores acusaram as concession&aacute;rias de telefonia de descumprir a legisla&ccedil;&atilde;o e monopolizar o mercado, em detrimento dos pequenos provedores de internet. Agora ser&aacute; a vez de os representantes das empresas de telecomunica&ccedil;&otilde;es e da Ag&ecirc;ncia Nacional de Telecomunica&ccedil;&otilde;es (Anatel) apresentarem suas opini&otilde;es.<\/p>\n<p>Foram convidados para discutir o assunto:<br \/>&#8211; o presidente da Telef&ocirc;nica, Ant&ocirc;nio Carlos Valente; <br \/>&#8211; o presidente da Oi, Lu&iacute;s Eduardo Falco; <br \/>&#8211; o presidente da Brasil Telecom, Ricardo Knoepfelmacher;<br \/>&#8211; o presidente da Ag&ecirc;ncia Nacional de Telecomunica&ccedil;&otilde;es (Anatel), Pl&iacute;nio de Aguiar J&uacute;nior; <br \/>&#8211; o diretor-presidente da GVT, Amos Genish; <br \/>&#8211; o diretor-geral da NET, Francisco Valim; <br \/>&#8211; o presidente-executivo da Companhia de Telecomunica&ccedil;&otilde;es do Brasil Central (CTBC), Jos&eacute; Mauro Leal Costa; <br \/>&#8211; o presidente da Embratel, Carlos Henrique Moreira.<\/p>\n<p>A audi&ecirc;ncia est&aacute; marcada para as 14h30, no plen&aacute;rio 13.<\/p>\n","protected":false},"excerpt":{"rendered":"<p>A Comiss&atilde;o de Ci&ecirc;ncia e Tecnologia, Comunica&ccedil;&atilde;o e Inform&aacute;tica far&aacute; uma nova audi&ecirc;ncia p&uacute;blica nesta quarta-feira (11) sobre o relacionamento entre prestadoras de servi&ccedil;os de telecomunica&ccedil;&otilde;es e provedores de internet. Na primeira audi&ecirc;ncia, no dia 14 de junho, os deputados ouviram representantes dos provedores. Na ocasi&atilde;o, os debatedores acusaram as concession&aacute;rias de telefonia de descumprir &hellip; <a href=\"https:\/\/obscom.intervozes.org.br\/?p=18684\" class=\"more-link\">Continue lendo <span class=\"screen-reader-text\">Nova audi\u00eancia discute rela\u00e7\u00e3o entre teles e provedores<\/span> <span class=\"meta-nav\">&rarr;<\/span><\/a><\/p>\n","protected":false},"author":1,"featured_media":0,"comment_status":"open","ping_status":"open","sticky":false,"template":"","format":"standard","meta":{"footnotes":""},"categories":[39],"tags":[],"_links":{"self":[{"href":"https:\/\/obscom.intervozes.org.br\/index.php?rest_route=\/wp\/v2\/posts\/18684"}],"collection":[{"href":"https:\/\/obscom.intervozes.org.br\/index.php?rest_route=\/wp\/v2\/posts"}],"about":[{"href":"https:\/\/obscom.intervozes.org.br\/index.php?rest_route=\/wp\/v2\/types\/post"}],"author":[{"embeddable":true,"href":"https:\/\/obscom.intervozes.org.br\/index.php?rest_route=\/wp\/v2\/users\/1"}],"replies":[{"embeddable":true,"href":"https:\/\/obscom.intervozes.org.br\/index.php?rest_route=%2Fwp%2Fv2%2Fcomments&post=18684"}],"version-history":[{"count":0,"href":"https:\/\/obscom.intervozes.org.br\/index.php?rest_route=\/wp\/v2\/posts\/18684\/revisions"}],"wp:attachment":[{"href":"https:\/\/obscom.intervozes.org.br\/index.php?rest_route=%2Fwp%2Fv2%2Fmedia&parent=18684"}],"wp:term":[{"taxonomy":"category","embeddable":true,"href":"https:\/\/obscom.intervozes.org.br\/index.php?rest_route=%2Fwp%2Fv2%2Fcategories&post=18684"},{"taxonomy":"post_tag","embeddable":true,"href":"https:\/\/obscom.intervozes.org.br\/index.php?rest_route=%2Fwp%2Fv2%2Ftags&post=18684"}],"curies":[{"name":"wp","href":"https:\/\/api.w.org\/{rel}","templated":true}]}}